{"id":5671,"date":"2014-05-08T00:00:25","date_gmt":"2014-05-07T22:00:25","guid":{"rendered":"https:\/\/comunicatur.info\/?p=5671"},"modified":"2014-05-11T21:48:12","modified_gmt":"2014-05-11T19:48:12","slug":"coetur-el-primer-congreso-europeo-de-turismo-rural","status":"publish","type":"post","link":"https:\/\/www.comunicatur.info\/es\/coetur-el-primer-congreso-europeo-de-turismo-rural\/","title":{"rendered":"COETUR, el Primer Congreso Europeo de Turismo Rural"},"content":{"rendered":"<p><b>C<\/b>atalu\u00f1a acoger\u00e1 los d\u00edas 27 y 28 de mayo pr\u00f3ximos COETUR, el Primer Congreso Europeo de Turismo Rural. Este evento, iniciativa de EscapadaRural.com y RuralySocial.es, tiene como principal objetivo convertirse en un punto de encuentro para el sector, en el que los empresarios puedan conocer, compartir e innovar en torno a su negocio.<\/p>\n<p>El principal valor de COETUR, que tendr\u00e1 lugar en el emblem\u00e1tico espacio M\u00f3n Sant Benet, ser\u00e1 el primer Congreso hecho por y para el sector. Los asistentes podr\u00e1n poner en com\u00fan sus problemas y necesidades, adquirir conocimientos pr\u00e1cticos para una gesti\u00f3n profesional del negocio, compartir experiencias con otros empresarios del turismo rural, descubrir tendencias en auge y oportunidades de mercado y conocer proveedores de servicios que optimizan la oferta. El Congreso cuenta con p\u00e1gina Web propia a trav\u00e9s de la cual los interesados pueden inscribirse <a href=\"http:\/\/www.coetur.com\" target=\"_blank\" rel=\"noopener\">www.coetur.com<\/a><\/p>\n<p>Los principales ponentes ya est\u00e1n confirmados y el Congreso arrancar\u00e1 con la presentaci\u00f3n de los \u00faltimos datos del Observatorio del Turismo Rural, a cargo de Enric L\u00f3pez de CETT-UB y Ana Alonso, Directora de Comunicaci\u00f3n de Escapadarural.com. El segundo d\u00eda se presentar\u00e1n apuestas de futuro a trav\u00e9s de micro-ponencias y \u00faltimas tendencias con la impartici\u00f3n de un mini-taller sobre el uso de Instagram para un alojamiento rural.<\/p>\n<p>El Congreso se presenta como una colaboraci\u00f3n pionera dentro del \u00e1mbito p\u00fablico-privado y cuenta con el apoyo de Diputaci\u00f3n de Barcelona, Rural Meeting, M\u00f3n Sant Benet e IdeaPublicidad.com como patrocinadores del evento. COETUR cuenta tambi\u00e9n con el apoyo de la Ag\u00e8ncia Catalana de Turisme y las principales asociaciones locales: Turalcat y Concatur.<\/p>\n<p>Adem\u00e1s, durante el Congreso se entregar\u00e1n los primeros Premios EscapadaRural.com, portal web de referencia en el \u00e1mbito del turismo rural, que opera desde 2007 y re\u00fane m\u00e1s de 12.200 casas rurales en toda Espa\u00f1a (80% del total nacional). Los galardones pretenden reconocer a las iniciativas que han apoyado el desarrollo del turismo rural en el \u00faltimo a\u00f1o.<\/p>\n","protected":false},"excerpt":{"rendered":"<p>Catalu\u00f1a acoger\u00e1 los d\u00edas 27 y 28 de mayo pr\u00f3ximos COETUR, el Primer Congreso Europeo de Turismo Rural. Este evento, iniciativa de EscapadaRural.com y RuralySocial.es, tiene como principal objetivo convertirse en un punto de encuentro para el sector, en el que los empresarios puedan conocer, compartir e innovar en torno a su negocio. El principal &hellip;<\/p>\n","protected":false},"author":1,"featured_media":0,"comment_status":"closed","ping_status":"open","sticky":false,"template":"","format":"standard","meta":[],"categories":[59,63],"tags":[],"_links":{"self":[{"href":"https:\/\/www.comunicatur.info\/es\/wp-json\/wp\/v2\/posts\/5671"}],"collection":[{"href":"https:\/\/www.comunicatur.info\/es\/wp-json\/wp\/v2\/posts"}],"about":[{"href":"https:\/\/www.comunicatur.info\/es\/wp-json\/wp\/v2\/types\/post"}],"author":[{"embeddable":true,"href":"https:\/\/www.comunicatur.info\/es\/wp-json\/wp\/v2\/users\/1"}],"replies":[{"embeddable":true,"href":"https:\/\/www.comunicatur.info\/es\/wp-json\/wp\/v2\/comments?post=5671"}],"version-history":[{"count":1,"href":"https:\/\/www.comunicatur.info\/es\/wp-json\/wp\/v2\/posts\/5671\/revisions"}],"predecessor-version":[{"id":5672,"href":"https:\/\/www.comunicatur.info\/es\/wp-json\/wp\/v2\/posts\/5671\/revisions\/5672"}],"wp:attachment":[{"href":"https:\/\/www.comunicatur.info\/es\/wp-json\/wp\/v2\/media?parent=5671"}],"wp:term":[{"taxonomy":"category","embeddable":true,"href":"https:\/\/www.comunicatur.info\/es\/wp-json\/wp\/v2\/categories?post=5671"},{"taxonomy":"post_tag","embeddable":true,"href":"https:\/\/www.comunicatur.info\/es\/wp-json\/wp\/v2\/tags?post=5671"}],"curies":[{"name":"wp","href":"https:\/\/api.w.org\/{rel}","templated":true}]}}