{"id":5580,"date":"2014-04-14T21:12:55","date_gmt":"2014-04-14T21:12:55","guid":{"rendered":"https:\/\/comunicatur.info\/?p=5580"},"modified":"2014-04-15T21:22:58","modified_gmt":"2014-04-15T21:22:58","slug":"una-semana-santa-que-apunta-buenos-resultados-despues-de-unos-anos-complicados","status":"publish","type":"post","link":"https:\/\/www.comunicatur.info\/es\/una-semana-santa-que-apunta-buenos-resultados-despues-de-unos-anos-complicados\/","title":{"rendered":"Una Semana Santa que apunta buenos resultados despu\u00e9s de unos a\u00f1os complicados"},"content":{"rendered":"<p>El sector ve con cierto optimismo la Semana Santa. Las previsiones son positivas en el conjunto de Catalu\u00f1a gracias a la recuperaci\u00f3n de la demanda del mercado interno. La ocupaci\u00f3n variar\u00e1 entre el 70% y el 80% dependiendo de la zona y de los establecimientos.<\/p>\n<p><!--more-->La ciudad de Barcelona espera ocupaciones hoteleras superiores al 80% y los apartamentos tur\u00edsticos de la capital catalana esperan hasta 14 puntos m\u00e1s respecto a la pasada Semana Santa. La variedad de clientes y mercados que tiene Barcelona le garantizan estos buenos resultados.<\/p>\n<p>El litoral catal\u00e1n tambi\u00e9n recibir\u00e1 un buen n\u00famero de turistas y generar\u00e1n ocupaciones superiores a a\u00f1os anteriores. La Costa Brava es donde se espera una mejor ocupaci\u00f3n despu\u00e9s de Barcelona. Un 70% los primeros d\u00edas y hasta un 85% en los d\u00edas m\u00e1s fuertes de semana en la zona del Baix Empord\u00e0. Los campings de Girona comparten las buenas previsiones.<\/p>\n<p>En la Costa Daurada, la ocupaci\u00f3n que avanzan los hoteleros de Salou, Cambrils y la Pineda es ligeramente inferior a la Costa Brava. Aqu\u00ed la previsi\u00f3n es incrementar un 15% m\u00e1s el n\u00famero de turistas respecto al a\u00f1o pasado. En esta ocasi\u00f3n, las fechas tard\u00edas de la Semana Santa han hecho que m\u00e1s hoteles est\u00e9n abiertos y por lo tanto la ocupaci\u00f3n porcentual media del 60% parece baja. La Asociaci\u00f3n de Apartamentos Tur\u00edsticos de la Costa Daurada prev\u00e9 que la ocupaci\u00f3n\u00a0de apartamentos ser\u00e1 sensiblemente superior a la del a\u00f1o pasado. El turismo nacional est\u00e1 repuntando con los turistas de proximidad de Barcelona, Lleida, Zaragoza, Navarra o Pa\u00eds Vasco. Por su parte el sector de los campings tarraconenses podr\u00eda llegar a hacer pleno en bungalows y mobil home.<\/p>\n<p>Lleida podr\u00e1 disfrutar de una buena coincidencia: el final de la temporada de esqu\u00ed y el inicio de las actividades de deportes de aventura y el turismo activo. Las ocupaciones ser\u00e1n muy variables, dependen de los d\u00edas y las zonas pero podr\u00edan llegar en algunos puntos al 80%. Lleida y los Pirineos son l\u00edderes en deportes de aventura y la Semana Santa apunta en positivo.<\/p>\n<p>Los catalanes tambi\u00e9n saldr\u00e1n al extranjero y lo har\u00e1n en un n\u00famero mayor que en 2013. Las agencias de viajes han cerrado un 5% m\u00e1s de reservas para esta Semana Santa y AENA espera un incremento de entre el 11% y el 12% de vuelos en el Prat. En esta ocasi\u00f3n toma relevancia el destino Par\u00eds porque el AVE conecta desde hace pocos meses Barcelona con la capital francesa y los trenes rozan la plena ocupaci\u00f3n.<\/p>\n<p><strong>Estudio Atr\u00e1palo de Semana Santa<\/strong><\/p>\n<p>Seg\u00fan las reservas realizadas por los usuarios del portal Atr\u00e1palo los espa\u00f1oles han escogido destinos nacionales para esta Semana Santa, por delante de grandes ciudades europeas. Entre los lugares seleccionados se encuentran, en su mayor\u00eda, zonas costeras y centros urbanos. Los viajeros se alojar\u00e1n una media de 4 noches en hotel (exactamente 3,82). El calendario de este a\u00f1o tambi\u00e9n explica que los viajeros vayan a pernoctar una noche m\u00e1s, el principal motivo por el que el gasto medio con respecto al a\u00f1o pasado haya aumentado. De esta manera, los viajeros destinar\u00e1n un promedio de 317,62 \u20ac por estancia, aproximadamente 100 \u20ac m\u00e1s que el desembolsado en cada reserva de Semana Santa el a\u00f1o anterior. En comparaci\u00f3n con el pasado a\u00f1o, el n\u00famero promedio de noches por cada reserva efectuada en Atr\u00e1palo ha, pasado de 2,83 a 3,82 noches respecto a 2013.<\/p>\n<p><span style=\"text-decoration: underline;\">TOP 10 DESTINOS<\/span><br \/>\n1. Salou<br \/>\n2. Madrid<br \/>\n3. Benidorm<br \/>\n4. Tossa de Mar<br \/>\n5. Cambrils<br \/>\n6. Lloret de Mar<br \/>\n7. Barcelona<br \/>\n8. Pe\u00f1\u00edscola<br \/>\n9. Valencia<br \/>\n10. Granada<\/p>\n","protected":false},"excerpt":{"rendered":"<p>El sector ve con cierto optimismo la Semana Santa. Las previsiones son positivas en el conjunto de Catalu\u00f1a gracias a la recuperaci\u00f3n de la demanda del mercado interno. La ocupaci\u00f3n variar\u00e1 entre el 70% y el 80% dependiendo de la zona y de los establecimientos. La ciudad de Barcelona espera ocupaciones hoteleras superiores al 80% &hellip;<\/p>\n","protected":false},"author":1,"featured_media":0,"comment_status":"closed","ping_status":"open","sticky":false,"template":"","format":"standard","meta":[],"categories":[62,74],"tags":[],"_links":{"self":[{"href":"https:\/\/www.comunicatur.info\/es\/wp-json\/wp\/v2\/posts\/5580"}],"collection":[{"href":"https:\/\/www.comunicatur.info\/es\/wp-json\/wp\/v2\/posts"}],"about":[{"href":"https:\/\/www.comunicatur.info\/es\/wp-json\/wp\/v2\/types\/post"}],"author":[{"embeddable":true,"href":"https:\/\/www.comunicatur.info\/es\/wp-json\/wp\/v2\/users\/1"}],"replies":[{"embeddable":true,"href":"https:\/\/www.comunicatur.info\/es\/wp-json\/wp\/v2\/comments?post=5580"}],"version-history":[{"count":3,"href":"https:\/\/www.comunicatur.info\/es\/wp-json\/wp\/v2\/posts\/5580\/revisions"}],"predecessor-version":[{"id":5585,"href":"https:\/\/www.comunicatur.info\/es\/wp-json\/wp\/v2\/posts\/5580\/revisions\/5585"}],"wp:attachment":[{"href":"https:\/\/www.comunicatur.info\/es\/wp-json\/wp\/v2\/media?parent=5580"}],"wp:term":[{"taxonomy":"category","embeddable":true,"href":"https:\/\/www.comunicatur.info\/es\/wp-json\/wp\/v2\/categories?post=5580"},{"taxonomy":"post_tag","embeddable":true,"href":"https:\/\/www.comunicatur.info\/es\/wp-json\/wp\/v2\/tags?post=5580"}],"curies":[{"name":"wp","href":"https:\/\/api.w.org\/{rel}","templated":true}]}}