{"id":547,"date":"2008-08-05T01:23:48","date_gmt":"2008-08-05T01:23:48","guid":{"rendered":"https:\/\/comunicatur.info\/catalunya-podra-participar-en-la-gestio-de-laeroport-de-el-prat-4\/"},"modified":"2008-08-05T01:23:48","modified_gmt":"2008-08-05T01:23:48","slug":"catalunya-podra-participar-en-la-gestio-de-laeroport-de-el-prat-4","status":"publish","type":"post","link":"https:\/\/www.comunicatur.info\/es\/catalunya-podra-participar-en-la-gestio-de-laeroport-de-el-prat-4\/","title":{"rendered":"Catalu\u00f1a podr\u00e1 participar en la gesti\u00f3n de El Prat"},"content":{"rendered":"<p>El Gobierno ha dado luz verde a la participaci&oacute;n de Catalu&ntilde;a en la gesti&oacute;n de El Prat y a la entrada de capital privado en AENA. El Estado mantendr&aacute; el control del 51% de la sociedad gestora del aeropuerto de Barcelona.<\/p>\n<p><img class=\"\" height=\"110\" alt=\"\" width=\"143\" src=\"https:\/\/www.comunicatur.info\/cms\/images\/stories\/fotos\/Prat.gif\" \/><\/p>\n<p><\/p>\n<p>La decisi&oacute;n adoptada por el Consejo de Ministros mantiene el 51% del futuro consorcio gestor del aeropuerto de Barcelona en manos del Estado, un 30% lo pondr&aacute;n adquirir el capital privado y el 19% restante ser&aacute; para la Generalitat. <\/p>\n<p>Este modelo se aplicar&aacute; a los aeropuertos espa&ntilde;oles con m&aacute;s de 30 millones de pasajeros, o lo que es lo mismo, a Madrid-Barajas y Barcelona&ndash;El Prat. <\/p>\n<p>El&nbsp;nuevo modelo que impulsa el Ministerio de Fomento mantendr&aacute; la mayor&iacute;a estatal para garantizar la calidad del servicio y la seguridad en la gesti&oacute;n en red. La actual AENA pasar&iacute;a a dividirse en dos entidades empresariales diferenciadas, por un lado quedar&aacute; la navegaci&oacute;n a&eacute;rea y por el otro, la gesti&oacute;n de los aeropuertos. <br \/>\n<img class=\"\" height=\"125\" alt=\"\" width=\"185\" align=\"right\" src=\"https:\/\/www.comunicatur.info\/cms\/images\/stories\/fotos\/Satellite.gif\" \/><br \/>\nTras la decisi&oacute;n del Gobierno las valoraciones han sido diversas. La C&aacute;mara de Comercio de Barcelona ha considerado la noticia como un giro hist&oacute;rico en el modelo de privatizaci&oacute;n de AENA y considera un acierto la separaci&oacute;n de las funciones de gesti&oacute;n aeroportuaria y las de navegaci&oacute;n a&eacute;rea. <\/p>\n<p>Por su parte la patronal catalana Cecot considera que la decisi&oacute;n del Consejo de Ministros no responde a las reivindicaciones de un cambio de modelo aeroportuario y puesto que se limita a privatizar una parte de AENA. La Cecot ha reclamado una descentralizaci&oacute;n de la gesti&oacute;n aeroportuaria en l&iacute;nea con los par&aacute;metros internacionales y ha opinado que el actual modelo de AENA es una excepci&oacute;n mundial. <\/p>\n<p>Los partidos pol&iacute;ticos catalanes, CIU, ERC y ICV, no ven con buenos ojos la propuesta porque no da un peso determinante a Catalu&ntilde;a, mientras que la Generalitat lo valora como un paso adelante pero insuficiente y espera que el gobierno catal&aacute;n pueda tener una posici&oacute;n estrat&eacute;gica en la toma de decisiones de la nueva sociedad gestora de El Prat.<\/p>\n<p>&nbsp;<\/p>\n<p align=\"center\"><img class=\"\" height=\"180\" alt=\"\" width=\"405\" align=\"middle\" src=\"https:\/\/www.comunicatur.info\/cms\/images\/stories\/fotos\/fingerPrat.gif\" \/><\/p>\n","protected":false},"excerpt":{"rendered":"<p>El Gobierno ha dado luz verde a la participaci&oacute;n de Catalu&ntilde;a en la gesti&oacute;n de El Prat y a la entrada de capital privado en AENA. El Estado mantendr&aacute; el control del 51% de la sociedad gestora del aeropuerto de Barcelona.<\/p>\n<p><img class=\"\" height=\"110\" alt=\"\" width=\"143\" src=\"https:\/\/www.comunicatur.info\/cms\/images\/stories\/fotos\/Prat.gif\" \/><\/p>\n","protected":false},"author":1,"featured_media":0,"comment_status":"close","ping_status":"open","sticky":false,"template":"","format":"standard","meta":[],"categories":[154],"tags":[],"_links":{"self":[{"href":"https:\/\/www.comunicatur.info\/es\/wp-json\/wp\/v2\/posts\/547"}],"collection":[{"href":"https:\/\/www.comunicatur.info\/es\/wp-json\/wp\/v2\/posts"}],"about":[{"href":"https:\/\/www.comunicatur.info\/es\/wp-json\/wp\/v2\/types\/post"}],"author":[{"embeddable":true,"href":"https:\/\/www.comunicatur.info\/es\/wp-json\/wp\/v2\/users\/1"}],"replies":[{"embeddable":true,"href":"https:\/\/www.comunicatur.info\/es\/wp-json\/wp\/v2\/comments?post=547"}],"version-history":[{"count":0,"href":"https:\/\/www.comunicatur.info\/es\/wp-json\/wp\/v2\/posts\/547\/revisions"}],"wp:attachment":[{"href":"https:\/\/www.comunicatur.info\/es\/wp-json\/wp\/v2\/media?parent=547"}],"wp:term":[{"taxonomy":"category","embeddable":true,"href":"https:\/\/www.comunicatur.info\/es\/wp-json\/wp\/v2\/categories?post=547"},{"taxonomy":"post_tag","embeddable":true,"href":"https:\/\/www.comunicatur.info\/es\/wp-json\/wp\/v2\/tags?post=547"}],"curies":[{"name":"wp","href":"https:\/\/api.w.org\/{rel}","templated":true}]}}