{"id":540,"date":"2008-08-07T00:00:00","date_gmt":"2008-08-07T00:00:00","guid":{"rendered":"https:\/\/comunicatur.info\/la-guerra-del-frances-com-a-atractiu-turistic-2\/"},"modified":"2008-08-07T00:00:00","modified_gmt":"2008-08-07T00:00:00","slug":"la-guerra-del-frances-com-a-atractiu-turistic-2","status":"publish","type":"post","link":"https:\/\/www.comunicatur.info\/es\/la-guerra-del-frances-com-a-atractiu-turistic-2\/","title":{"rendered":"La Guerra del Franc\u00e9s, atractivo tur\u00edstico en Catalu\u00f1a"},"content":{"rendered":"<p>La Direcci&oacute;n general de Turismo ha editado la gu&iacute;a &ldquo;Escenarios de la Guerra del Franc&eacute;s en Catalunya&rdquo;, que pretende poner en valor tur&iacute;stico los principales lugares d&oacute;nde se produjeron los acontecimientos m&aacute;s destacados de este per&iacute;odo hist&oacute;rico.<\/p>\n<p><\/p>\n<p>Este volumen incluye una narraci&oacute;n de los hechos de este conflicto b&eacute;lico contra las tropas napole&ograve;nicas (1808-1814), as&iacute; como la presentaci&oacute;n de espacios y paisajes donde tuvieron lugar batallas, localizaciones donde vivieron algunos de sus protagonistas, museos y exposiciones, as&iacute; como fiestas populares que todav&iacute;a hacen referencia a esta guerra. <\/p>\n<p>En total, la gu&iacute;a incluye el recorrido por una veintena de poblaciones catalanas, entre ellas, Figueres, Cardedeu, Barcelona, Manresa, Collbat&oacute;, Montserrat, el Bruc, Igualada, Tortosa, Lleida y Girona. <\/p>\n<p>Aunque la publicaci&oacute;n se dirige fundamentalmente al turista catal&aacute;n, cuenta con una versi&oacute;n en franc&eacute;s para su distribuci&oacute;n entre los muchos turistas de este pa&iacute;s que visitan Catalu&ntilde;a. La Generalitat ha editado 30.000 ejemplares de esta gu&iacute;a en catal&aacute;n en formato bolsillo y la publicaci&oacute;n es, junto con la dedicada al Camino de Sant Jaume, la primera de una colecci&oacute;n sobre la oferta tur&iacute;stica catalana a partir de la interpretaci&oacute;n de hechos hist&oacute;ricos. <\/p>\n<p><strong>Girona se a&ntilde;ade a la conmemoraci&oacute;n<\/strong> <\/p>\n<p>Esta iniciativa se enmarca en los actos conmemorativos del 200 aniversario del inicio del litigio, en la organizaci&oacute;n de los cuales participan, adem&aacute;s de la Generalitat de Catalunya, la Diputaci&oacute;n de Girona y los ayuntamientos de Barcelona, Girona y el Bruc. <\/p>\n<p>Entre estos actos destacan iniciativas como la visita guiada y teatralitzada en Girona bajo el t&iacute;tulo &ldquo;Napole&oacute;n ten&iacute;a m&aacute;s de 100 soldados&rdquo;. A lo largo de esta visita, diversos personajes de la &eacute;poca hacen un retrato de la vida social, pol&iacute;tica y militar de la ciudad de hace 200 a&ntilde;os. Los visitantes pueden seguirla todos los jueves, viernes y s&aacute;bados, hasta el pr&oacute;ximo 13 de septiembre, en catal&aacute;n, castellano o franc&eacute;s.<\/p>\n","protected":false},"excerpt":{"rendered":"<p>La Direcci&oacute;n general de Turismo ha editado la gu&iacute;a &ldquo;Escenarios de la Guerra del Franc&eacute;s en Catalunya&rdquo;, que pretende poner en valor tur&iacute;stico los principales lugares d&oacute;nde se produjeron los acontecimientos m&aacute;s destacados de este per&iacute;odo hist&oacute;rico.<\/p>\n","protected":false},"author":1,"featured_media":0,"comment_status":"close","ping_status":"open","sticky":false,"template":"","format":"standard","meta":[],"categories":[19],"tags":[],"_links":{"self":[{"href":"https:\/\/www.comunicatur.info\/es\/wp-json\/wp\/v2\/posts\/540"}],"collection":[{"href":"https:\/\/www.comunicatur.info\/es\/wp-json\/wp\/v2\/posts"}],"about":[{"href":"https:\/\/www.comunicatur.info\/es\/wp-json\/wp\/v2\/types\/post"}],"author":[{"embeddable":true,"href":"https:\/\/www.comunicatur.info\/es\/wp-json\/wp\/v2\/users\/1"}],"replies":[{"embeddable":true,"href":"https:\/\/www.comunicatur.info\/es\/wp-json\/wp\/v2\/comments?post=540"}],"version-history":[{"count":0,"href":"https:\/\/www.comunicatur.info\/es\/wp-json\/wp\/v2\/posts\/540\/revisions"}],"wp:attachment":[{"href":"https:\/\/www.comunicatur.info\/es\/wp-json\/wp\/v2\/media?parent=540"}],"wp:term":[{"taxonomy":"category","embeddable":true,"href":"https:\/\/www.comunicatur.info\/es\/wp-json\/wp\/v2\/categories?post=540"},{"taxonomy":"post_tag","embeddable":true,"href":"https:\/\/www.comunicatur.info\/es\/wp-json\/wp\/v2\/tags?post=540"}],"curies":[{"name":"wp","href":"https:\/\/api.w.org\/{rel}","templated":true}]}}