{"id":5381,"date":"2014-03-03T00:00:04","date_gmt":"2014-03-03T00:00:04","guid":{"rendered":"https:\/\/comunicatur.info\/?p=5381"},"modified":"2014-03-03T22:02:39","modified_gmt":"2014-03-03T22:02:39","slug":"cruzada-contra-el-alquiler-de-habitaciones-para-turistas-en-domicilios-privados","status":"publish","type":"post","link":"https:\/\/www.comunicatur.info\/es\/cruzada-contra-el-alquiler-de-habitaciones-para-turistas-en-domicilios-privados\/","title":{"rendered":"Cruzada contra el alquiler de habitaciones para turistas en domicilios privados"},"content":{"rendered":"<p>La Confederaci\u00f3n Empresarial de Hosteler\u00eda de Catalu\u00f1a (CEHRATC) ha iniciado una campa\u00f1a para denunciar la modalidad de alojamiento tur\u00edstico en habitaciones de domicilios particulares. Actualmente se tratar\u00eda de una oferta ilegal que no contempla la normativa tur\u00edstica vigente ni en Catalu\u00f1a ni en ninguna otra Comunidad Aut\u00f3noma.<\/p>\n<p><!--more-->En un comunicado han querido manifestar que \u201cno es el momento oportuno para poner en marcha nuevas f\u00f3rmulas de alojamiento tur\u00edstico, hasta que las existentes no est\u00e9n completamente regladas y controladas\u201d. Los empresarios est\u00e1n preocupados por la proliferaci\u00f3n de este tipo de alojamiento, especialmente en la ciudad de Barcelona. Para prevenir cambios normativos futuros la CEHRATC opina que \u201cesta modalidad de alojamiento tur\u00edstico no estar\u00eda condicionada a las medidas de seguridad exigidas a los establecimientos hoteleros y, por lo tanto, pondr\u00edan en evidente riesgo a las personas que se alojen\u201d.<\/p>\n<p>El \u00e9xito tur\u00edstico de la ciudad de Barcelona hace que cada vez m\u00e1s los portales de intercambio o alquiler tur\u00edstico incorporen oferta de habitaciones en pisos particulares. La Confederaci\u00f3n asegura que esta pr\u00e1ctica favorece la econom\u00eda sumergida que estas actividades no controladas producen, dado el escaso seguimiento que se puede hacer de obligaciones tributarias y liquidaci\u00f3n de impuestos como, entre otros, el impuesto tur\u00edstico.<\/p>\n<p>Otro motivo que esgrimen desde la Confederaci\u00f3n para oponerse al alquiler de habitaciones como alojamiento tur\u00edstico es la incapacidad de la administraci\u00f3n para disponer de un listado real de los establecimientos existentes. Y a\u00f1aden que la laxitud normativa sobre esta posible modalidad de alojamiento tur\u00edstico propiciar\u00eda que otros establecimientos, como por ejemplo las Pensiones, pudieran hacer el cambio hacia esta modalidad para estar sometidos a menos presi\u00f3n normativa.<\/p>\n","protected":false},"excerpt":{"rendered":"<p>La Confederaci\u00f3n Empresarial de Hosteler\u00eda de Catalu\u00f1a (CEHRATC) ha iniciado una campa\u00f1a para denunciar la modalidad de alojamiento tur\u00edstico en habitaciones de domicilios particulares. Actualmente se tratar\u00eda de una oferta ilegal que no contempla la normativa tur\u00edstica vigente ni en Catalu\u00f1a ni en ninguna otra Comunidad Aut\u00f3noma. En un comunicado han querido manifestar que \u201cno &hellip;<\/p>\n","protected":false},"author":1,"featured_media":0,"comment_status":"closed","ping_status":"open","sticky":false,"template":"","format":"standard","meta":[],"categories":[59,61],"tags":[],"_links":{"self":[{"href":"https:\/\/www.comunicatur.info\/es\/wp-json\/wp\/v2\/posts\/5381"}],"collection":[{"href":"https:\/\/www.comunicatur.info\/es\/wp-json\/wp\/v2\/posts"}],"about":[{"href":"https:\/\/www.comunicatur.info\/es\/wp-json\/wp\/v2\/types\/post"}],"author":[{"embeddable":true,"href":"https:\/\/www.comunicatur.info\/es\/wp-json\/wp\/v2\/users\/1"}],"replies":[{"embeddable":true,"href":"https:\/\/www.comunicatur.info\/es\/wp-json\/wp\/v2\/comments?post=5381"}],"version-history":[{"count":1,"href":"https:\/\/www.comunicatur.info\/es\/wp-json\/wp\/v2\/posts\/5381\/revisions"}],"predecessor-version":[{"id":5382,"href":"https:\/\/www.comunicatur.info\/es\/wp-json\/wp\/v2\/posts\/5381\/revisions\/5382"}],"wp:attachment":[{"href":"https:\/\/www.comunicatur.info\/es\/wp-json\/wp\/v2\/media?parent=5381"}],"wp:term":[{"taxonomy":"category","embeddable":true,"href":"https:\/\/www.comunicatur.info\/es\/wp-json\/wp\/v2\/categories?post=5381"},{"taxonomy":"post_tag","embeddable":true,"href":"https:\/\/www.comunicatur.info\/es\/wp-json\/wp\/v2\/tags?post=5381"}],"curies":[{"name":"wp","href":"https:\/\/api.w.org\/{rel}","templated":true}]}}