{"id":5359,"date":"2014-02-26T17:00:28","date_gmt":"2014-02-26T17:00:28","guid":{"rendered":"https:\/\/comunicatur.info\/?p=5359"},"modified":"2014-04-08T21:01:04","modified_gmt":"2014-04-08T21:01:04","slug":"sobreoferta-y-obsolescencia-problemas-estructurales-del-sector-turistico-espanol","status":"publish","type":"post","link":"https:\/\/www.comunicatur.info\/es\/sobreoferta-y-obsolescencia-problemas-estructurales-del-sector-turistico-espanol\/","title":{"rendered":"Sobreoferta y obsolescencia, problemas estructurales del sector tur\u00edstico espa\u00f1ol"},"content":{"rendered":"<p>El Gobierno ha presentado una diagnosis del sector tur\u00edstico en la que deja entrever las deficiencias del turismo en Espa\u00f1a. Detalla como problemas estructurales del sector la sobreoferta, la obsolescencia de la planta hotelera y una baja productividad que se ha visto agravada por la crisis.<\/p>\n<p><!--more-->Para el Ministerio de Turismo \u201chay un cambio de paradigma radical, que est\u00e1 afectando profundamente a nuestro modelo de negocio de turismo vacacional\u201d y que supone \u201cgraves dificultades para competir con los nuevos destinos\u201d.<\/p>\n<p>En su an\u00e1lisis el Gobierno contrapone la realidad de un tejido empresarial tur\u00edstico muy atomizado y conformado fundamentalmente por pymes frente a una demanda exterior que est\u00e1 en manos de unos pocos grupos tur\u00edsticos. La concentraci\u00f3n de la turoperaci\u00f3n europea ha llegado a ser un duopolio que concentra el poder de compra en pocos actores de tal manera que la capacidad negociadora de los proveedores y los m\u00e1rgenes de explotaci\u00f3n se han resentido. Adem\u00e1s, a\u00f1ade que la demanda est\u00e1 altamente concentrada ya que m\u00e1s del 80% de los turistas son de pa\u00edses europeos.<\/p>\n<p>Otros ejemplos de las debilidades ser\u00edan para el Ministerio la fuerte estacionalidad del turismo y la dependencia de la llegada por v\u00eda a\u00e9rea. La distancia con los principales mercados emisores es una cuesti\u00f3n cr\u00edtica para el sector. Tres de cada cuatro turistas llega en avi\u00f3n. Esta dependencia de la v\u00eda a\u00e9rea puede ser una amenaza de futuro.<\/p>\n<p>Con todo, el Gobierno afirma que \u201cEspa\u00f1a es l\u00edder mundial en turismo: es el segundo pa\u00eds en ingresos por turismo internacional del mundo y el cuarto en n\u00famero de turistas internacionales. La actividad tur\u00edstica es clave para la econom\u00eda de nuestro pa\u00eds ya que supone m\u00e1s de un 10,2% del PIB, aporta un 11,39% del empleo y mitiga el desequilibrio de nuestra balanza comercial\u201d.<\/p>\n<p>Para el Gobierno el turismo es un sector estrat\u00e9gico de la econom\u00eda que \u201cdebe actuar como palanca para impulsar un cambio de escenario que nos sit\u00fae en la senda del crecimiento y la generaci\u00f3n de empleo\u201d.<\/p>\n","protected":false},"excerpt":{"rendered":"<p>El Gobierno ha presentado una diagnosis del sector tur\u00edstico en la que deja entrever las deficiencias del turismo en Espa\u00f1a. Detalla como problemas estructurales del sector la sobreoferta, la obsolescencia de la planta hotelera y una baja productividad que se ha visto agravada por la crisis. Para el Ministerio de Turismo \u201chay un cambio de &hellip;<\/p>\n","protected":false},"author":1,"featured_media":0,"comment_status":"closed","ping_status":"open","sticky":false,"template":"","format":"standard","meta":[],"categories":[74,73],"tags":[],"_links":{"self":[{"href":"https:\/\/www.comunicatur.info\/es\/wp-json\/wp\/v2\/posts\/5359"}],"collection":[{"href":"https:\/\/www.comunicatur.info\/es\/wp-json\/wp\/v2\/posts"}],"about":[{"href":"https:\/\/www.comunicatur.info\/es\/wp-json\/wp\/v2\/types\/post"}],"author":[{"embeddable":true,"href":"https:\/\/www.comunicatur.info\/es\/wp-json\/wp\/v2\/users\/1"}],"replies":[{"embeddable":true,"href":"https:\/\/www.comunicatur.info\/es\/wp-json\/wp\/v2\/comments?post=5359"}],"version-history":[{"count":1,"href":"https:\/\/www.comunicatur.info\/es\/wp-json\/wp\/v2\/posts\/5359\/revisions"}],"predecessor-version":[{"id":5360,"href":"https:\/\/www.comunicatur.info\/es\/wp-json\/wp\/v2\/posts\/5359\/revisions\/5360"}],"wp:attachment":[{"href":"https:\/\/www.comunicatur.info\/es\/wp-json\/wp\/v2\/media?parent=5359"}],"wp:term":[{"taxonomy":"category","embeddable":true,"href":"https:\/\/www.comunicatur.info\/es\/wp-json\/wp\/v2\/categories?post=5359"},{"taxonomy":"post_tag","embeddable":true,"href":"https:\/\/www.comunicatur.info\/es\/wp-json\/wp\/v2\/tags?post=5359"}],"curies":[{"name":"wp","href":"https:\/\/api.w.org\/{rel}","templated":true}]}}