{"id":5340,"date":"2014-02-25T00:00:56","date_gmt":"2014-02-25T00:00:56","guid":{"rendered":"https:\/\/comunicatur.info\/?p=5340"},"modified":"2014-02-23T18:22:16","modified_gmt":"2014-02-23T18:22:16","slug":"modernismo-reclamo-turistico-consolidado","status":"publish","type":"post","link":"https:\/\/www.comunicatur.info\/es\/modernismo-reclamo-turistico-consolidado\/","title":{"rendered":"Modernismo, reclamo tur\u00edstico consolidado"},"content":{"rendered":"<p>El Maresme y la ciudad de Barcelona contin\u00faan apostando por el patrimonio modernista como uno de los productos tur\u00edsticos de referencia.<\/p>\n<p>El Consorcio de Promoci\u00f3n Tur\u00edstica del Maresme ha editado la gu\u00eda \u00abModernismo en el Maresme\u00bb para difundir el gran patrimonio que hay en la comarca de este movimiento arquitect\u00f3nico.<\/p>\n<p>La gu\u00eda, editada en catal\u00e1n, castellano, ingl\u00e9s y franc\u00e9s, hace un recorrido a trav\u00e9s de m\u00e1s de 200 fotograf\u00edas por parte del patrimonio modernista de la comarca, principalmente obras de Puig y Cadafalch y Llu\u00eds Dom\u00e8nech i Montaner.<\/p>\n<p>La publicaci\u00f3n se ha centrado en obras visitables y con un peso espec\u00edfico de los 4 municipios que tienen establecidas rutas tur\u00edsticas: Canet de Mar, Matar\u00f3, Argentona y Alella. Adem\u00e1s, aparecen 14 poblaciones m\u00e1s que, como m\u00ednimo, disponen de tres recursos tur\u00edsticos de arquitectura modernista. Es el caso de Arenys de Mar, Arenys de Munt, Caldes de Estrac, Calella, El Masnou, Malgrat de Mar, Premi\u00e0 de Dalt, Premi\u00e0 de Mar, Sant Andreu de Llavaneres, Sant Pol de Mar, Tei\u00e0, Tiana, Vilassar de Dalt y Vilassar de Mar.<\/p>\n<p>En el Maresme hay hasta 292 recursos modernistas susceptibles de convertirse en productos tur\u00edsticos, ya sea de forma aislada o formando parte de una ruta modernista concreta. De hecho, el Maresme dispone de 39 tipos de edificaciones o motivos modernistas: casas, torres, f\u00e1bricas, mataderos, cementerios, panteones, mercados, escuelas, capillas, ateneos, ayuntamientos, tiendas&#8230;<\/p>\n<p><strong>Visitas en la Casa Lle\u00f3 i Morera<\/strong><\/p>\n<p>En el paseo de Gr\u00e0cia de Barcelona, el Grupo N\u00fa\u00f1ez y Navarro ha iniciado las visitas guiadas a la planta principal de la Casa Lle\u00f3 i Morera, obra del arquitecto Dom\u00e8nech i Montaner. Las visitas se realizan diariamente, en diferentes idiomas y en grupos de un m\u00e1ximo de 25 personas.<\/p>\n<p>La visita empieza con una presentaci\u00f3n que sit\u00faa la Casa, la familia Lle\u00f3n i Morera y el Modernismo en su contexto hist\u00f3rico. A continuaci\u00f3n, un recorrido guiado por los diferentes espacios del piso principal y patio interior de la finca, permite admirar la arquitectura y decoraci\u00f3n de la \u00e9poca, uno de los conjuntos de artes decorativas modernistas mejor conservados de la ciudad: vitrales, mosaicos, escultura, ebanister\u00eda, grafiado &#8230;<\/p>\n<p>La Casa Lle\u00f3 i Morera es uno de los tres edificios concebidos por los grandes arquitectos modernistas que forman parte de la llamada Manzana de la Discordia, junto a la Casa Batll\u00f3, de Antoni Gaud\u00ed, y la Casa Amatller, de Josep Puig i Cadafalch.<\/p>\n","protected":false},"excerpt":{"rendered":"<p>El Maresme y la ciudad de Barcelona contin\u00faan apostando por el patrimonio modernista como uno de los productos tur\u00edsticos de referencia. El Consorcio de Promoci\u00f3n Tur\u00edstica del Maresme ha editado la gu\u00eda \u00abModernismo en el Maresme\u00bb para difundir el gran patrimonio que hay en la comarca de este movimiento arquitect\u00f3nico. La gu\u00eda, editada en catal\u00e1n, &hellip;<\/p>\n","protected":false},"author":1,"featured_media":0,"comment_status":"closed","ping_status":"open","sticky":false,"template":"","format":"standard","meta":[],"categories":[62],"tags":[],"_links":{"self":[{"href":"https:\/\/www.comunicatur.info\/es\/wp-json\/wp\/v2\/posts\/5340"}],"collection":[{"href":"https:\/\/www.comunicatur.info\/es\/wp-json\/wp\/v2\/posts"}],"about":[{"href":"https:\/\/www.comunicatur.info\/es\/wp-json\/wp\/v2\/types\/post"}],"author":[{"embeddable":true,"href":"https:\/\/www.comunicatur.info\/es\/wp-json\/wp\/v2\/users\/1"}],"replies":[{"embeddable":true,"href":"https:\/\/www.comunicatur.info\/es\/wp-json\/wp\/v2\/comments?post=5340"}],"version-history":[{"count":1,"href":"https:\/\/www.comunicatur.info\/es\/wp-json\/wp\/v2\/posts\/5340\/revisions"}],"predecessor-version":[{"id":5341,"href":"https:\/\/www.comunicatur.info\/es\/wp-json\/wp\/v2\/posts\/5340\/revisions\/5341"}],"wp:attachment":[{"href":"https:\/\/www.comunicatur.info\/es\/wp-json\/wp\/v2\/media?parent=5340"}],"wp:term":[{"taxonomy":"category","embeddable":true,"href":"https:\/\/www.comunicatur.info\/es\/wp-json\/wp\/v2\/categories?post=5340"},{"taxonomy":"post_tag","embeddable":true,"href":"https:\/\/www.comunicatur.info\/es\/wp-json\/wp\/v2\/tags?post=5340"}],"curies":[{"name":"wp","href":"https:\/\/api.w.org\/{rel}","templated":true}]}}