{"id":5331,"date":"2014-02-21T00:00:25","date_gmt":"2014-02-21T00:00:25","guid":{"rendered":"https:\/\/comunicatur.info\/?p=5331"},"modified":"2014-02-22T18:36:23","modified_gmt":"2014-02-22T18:36:23","slug":"preocupante-balance-para-el-turismo-rural-de-cataluna","status":"publish","type":"post","link":"https:\/\/www.comunicatur.info\/es\/preocupante-balance-para-el-turismo-rural-de-cataluna\/","title":{"rendered":"Preocupante balance para el turismo rural de Catalu\u00f1a"},"content":{"rendered":"<p>Los datos del turismo rural son negativos en el conjunto de Espa\u00f1a y muy especialmente en Catalu\u00f1a. El descenso de clientes y pernoctaciones ha encendido las alarmas del sector. El Ministerio de Industria, Energ\u00eda y Turismo ha anunciado un Plan Integral para los alojamientos rurales que pondr\u00e1 en marcha durante el 2014.<\/p>\n<p><!--more-->Las pernoctaciones en alojamientos rurales de Catalu\u00f1a cayeron un 14,6% en 2013, casi el doble que en el conjunto de Espa\u00f1a donde el descenso de pernoctaciones fue cercano al 8%. Pero lo m\u00e1s alarmante de este dato es que el porcentaje es tambi\u00e9n muy superior al descenso de clientes rurales en Catalu\u00f1a, que fue del -8,8%. El balance es que han bajado los turistas (-8,8%), han bajado mucho m\u00e1s las pernoctaciones (-14,6%) y por consiguiente las estancias han sido m\u00e1s cortas.<\/p>\n<p>El comportamiento del conjunto del Estado ha sido parecido, con descensos importantes\u00a0 aunque no tan pronunciados como en el caso catal\u00e1n. Estos resultados han motivado la actuaci\u00f3n del Ministerio de Turismo para anunciar un Plan que pretende apoyar la promoci\u00f3n y la comercializaci\u00f3n del turismo rural. Seg\u00fan han informado, activar\u00e1n una campa\u00f1a de publicidad en medios de comunicaci\u00f3n del Reino Unido, Alemania y Francia, y desarrollar\u00e1n acciones de promoci\u00f3n y comercializaci\u00f3n en 17 mercados.<\/p>\n<p>Otro de los objetivos del plan es \u201cequilibrar el actual desajuste de demanda entre pernoctaciones de espa\u00f1oles, a los que corresponde el 75%, y extranjeros, a los que corresponde el 25% restante\u201d. El principal cliente internacional es el Alemania, con el 37% del total de la demanda extranjera, seguida del Reino Unido, con el 18%, Francia,\u00a0 con el 13% y Pa\u00edses Bajos, con el 9%, destacan desde el Ministerio.<\/p>\n<p>Tambi\u00e9n calculan que el\u00a0 producto tur\u00edstico rural cuenta con m\u00e1s de 15.000 establecimientos, casi 140.000 plazas, 2,5 millones de viajeros alojados y 6,9 millones de pernoctaciones, adem\u00e1s de dar empleo a 21.000 personas de forma directa en los establecimientos de alojamiento.<\/p>\n","protected":false},"excerpt":{"rendered":"<p>Los datos del turismo rural son negativos en el conjunto de Espa\u00f1a y muy especialmente en Catalu\u00f1a. El descenso de clientes y pernoctaciones ha encendido las alarmas del sector. El Ministerio de Industria, Energ\u00eda y Turismo ha anunciado un Plan Integral para los alojamientos rurales que pondr\u00e1 en marcha durante el 2014. Las pernoctaciones en &hellip;<\/p>\n","protected":false},"author":1,"featured_media":0,"comment_status":"closed","ping_status":"open","sticky":false,"template":"","format":"standard","meta":[],"categories":[59],"tags":[],"_links":{"self":[{"href":"https:\/\/www.comunicatur.info\/es\/wp-json\/wp\/v2\/posts\/5331"}],"collection":[{"href":"https:\/\/www.comunicatur.info\/es\/wp-json\/wp\/v2\/posts"}],"about":[{"href":"https:\/\/www.comunicatur.info\/es\/wp-json\/wp\/v2\/types\/post"}],"author":[{"embeddable":true,"href":"https:\/\/www.comunicatur.info\/es\/wp-json\/wp\/v2\/users\/1"}],"replies":[{"embeddable":true,"href":"https:\/\/www.comunicatur.info\/es\/wp-json\/wp\/v2\/comments?post=5331"}],"version-history":[{"count":1,"href":"https:\/\/www.comunicatur.info\/es\/wp-json\/wp\/v2\/posts\/5331\/revisions"}],"predecessor-version":[{"id":5332,"href":"https:\/\/www.comunicatur.info\/es\/wp-json\/wp\/v2\/posts\/5331\/revisions\/5332"}],"wp:attachment":[{"href":"https:\/\/www.comunicatur.info\/es\/wp-json\/wp\/v2\/media?parent=5331"}],"wp:term":[{"taxonomy":"category","embeddable":true,"href":"https:\/\/www.comunicatur.info\/es\/wp-json\/wp\/v2\/categories?post=5331"},{"taxonomy":"post_tag","embeddable":true,"href":"https:\/\/www.comunicatur.info\/es\/wp-json\/wp\/v2\/tags?post=5331"}],"curies":[{"name":"wp","href":"https:\/\/api.w.org\/{rel}","templated":true}]}}