{"id":5316,"date":"2014-02-19T00:00:10","date_gmt":"2014-02-19T00:00:10","guid":{"rendered":"https:\/\/comunicatur.info\/?p=5316"},"modified":"2014-02-20T16:08:49","modified_gmt":"2014-02-20T16:08:49","slug":"nace-la-asociacion-de-profesionales-de-senderismo-del-pirineu-y-las-terres-de-lleida","status":"publish","type":"post","link":"https:\/\/www.comunicatur.info\/es\/nace-la-asociacion-de-profesionales-de-senderismo-del-pirineu-y-las-terres-de-lleida\/","title":{"rendered":"Nace la Asociaci\u00f3n de profesionales de senderismo del Pirineu y las Terres de Lleida"},"content":{"rendered":"<p>La nueva asociaci\u00f3n, presidida por Jos\u00e9 Lu\u00eds Garcia, de la empresa Camins de la Val d\u2019Aran, tiene como objetivos integrar todos los empresarios del sector con el fin de fortalecer el tejido empresarial mediante la promoci\u00f3n y la creaci\u00f3n de servicios comunes basados en la pr\u00e1ctica del senderismo.<\/p>\n<p>La asociaci\u00f3n, al margen de representar los intereses de las empresas del sector, tambi\u00e9n se ha fijado como objetivos fomentar la pr\u00e1ctica del senderismo y crear canales informativos y formativos para sus asociados. Tambi\u00e9n trabajar\u00e1 para la promoci\u00f3n y la comercializaci\u00f3n de las actividades que lleven a cabo las empresas, para hacer del senderismo un activo de primer orden en la oferta tur\u00edstica de natura de las comarcas del Pirineu y las Terres de Lleida.<\/p>\n<p>\u201cAnte el actual momento econ\u00f3mico -aseguran sus impulsores -se hace necesario trabajar para buscar la excelencia de nuestro territorio en el \u00e1mbito tur\u00edstico en estrecha cooperaci\u00f3n con las diversas iniciativas empresariales que nazcan dentro de las comarcas de Lleida, tanto para captar y consolidar el p\u00fablico procedente del mercado de Catalu\u00f1a y del conjunto del Estado espa\u00f1ol como tambi\u00e9n de cara al mercado extranjero, que cada vez se muestra m\u00e1s exigente y demanda una mayor profesionalizaci\u00f3n que responda a sus expectativas\u201d.<\/p>\n<p>Pueden integrarse a la asociaci\u00f3n todas las empresas de senderismo y\/o ecoturismo, as\u00ed como empresas de turismo activo que ofrecen en su cat\u00e1logo un porcentaje significativo de actividades espec\u00edficas de senderismo. La asociaci\u00f3n est\u00e1 abierta tambi\u00e9n a los gu\u00edas y a los trabajadores aut\u00f3ctonos con actividades vinculadas con el senderismo, los alojamientos tur\u00edsticos reglados que organicen y promocionen la actividad entre sus clientes, adem\u00e1s de los taxistas u otros empresarios dedicados a la movilidad de visitantes que tengan v\u00ednculos con el senderismo.<\/p>\n","protected":false},"excerpt":{"rendered":"<p>La nueva asociaci\u00f3n, presidida por Jos\u00e9 Lu\u00eds Garcia, de la empresa Camins de la Val d\u2019Aran, tiene como objetivos integrar todos los empresarios del sector con el fin de fortalecer el tejido empresarial mediante la promoci\u00f3n y la creaci\u00f3n de servicios comunes basados en la pr\u00e1ctica del senderismo. La asociaci\u00f3n, al margen de representar los &hellip;<\/p>\n","protected":false},"author":1,"featured_media":0,"comment_status":"closed","ping_status":"open","sticky":false,"template":"","format":"standard","meta":[],"categories":[62,61],"tags":[],"_links":{"self":[{"href":"https:\/\/www.comunicatur.info\/es\/wp-json\/wp\/v2\/posts\/5316"}],"collection":[{"href":"https:\/\/www.comunicatur.info\/es\/wp-json\/wp\/v2\/posts"}],"about":[{"href":"https:\/\/www.comunicatur.info\/es\/wp-json\/wp\/v2\/types\/post"}],"author":[{"embeddable":true,"href":"https:\/\/www.comunicatur.info\/es\/wp-json\/wp\/v2\/users\/1"}],"replies":[{"embeddable":true,"href":"https:\/\/www.comunicatur.info\/es\/wp-json\/wp\/v2\/comments?post=5316"}],"version-history":[{"count":1,"href":"https:\/\/www.comunicatur.info\/es\/wp-json\/wp\/v2\/posts\/5316\/revisions"}],"predecessor-version":[{"id":5317,"href":"https:\/\/www.comunicatur.info\/es\/wp-json\/wp\/v2\/posts\/5316\/revisions\/5317"}],"wp:attachment":[{"href":"https:\/\/www.comunicatur.info\/es\/wp-json\/wp\/v2\/media?parent=5316"}],"wp:term":[{"taxonomy":"category","embeddable":true,"href":"https:\/\/www.comunicatur.info\/es\/wp-json\/wp\/v2\/categories?post=5316"},{"taxonomy":"post_tag","embeddable":true,"href":"https:\/\/www.comunicatur.info\/es\/wp-json\/wp\/v2\/tags?post=5316"}],"curies":[{"name":"wp","href":"https:\/\/api.w.org\/{rel}","templated":true}]}}