{"id":5152,"date":"2014-01-19T19:18:45","date_gmt":"2014-01-19T19:18:45","guid":{"rendered":"https:\/\/comunicatur.info\/?p=5152"},"modified":"2014-01-20T00:54:58","modified_gmt":"2014-01-20T00:54:58","slug":"personalidades-del-turismo-saludan-la-nueva-etapa-de-comunicatur","status":"publish","type":"post","link":"https:\/\/www.comunicatur.info\/es\/personalidades-del-turismo-saludan-la-nueva-etapa-de-comunicatur\/","title":{"rendered":"Personalidades del turismo saludan la nueva etapa de Comunicatur"},"content":{"rendered":"<p>Taleb Rifai (OMT), Amancio L\u00f3pez Seijas (Exceltur y Hotusa), Raimon Mart\u00ednez Fraile (SITC), Liu Wi Young (CITS), Enric Tic\u00f3 (FGC) e Ignacio Basallo participan en la bienvenida a Comunicatur.<\/p>\n<p><iframe src=\"\/\/www.youtube.com\/embed\/yGLcVNPwt8M?list=UUCPXQyLEzVtDvIwSA5pJU-Q\" height=\"315\" width=\"560\" allowfullscreen=\"\" frameborder=\"0\"><\/iframe><\/p>\n","protected":false},"excerpt":{"rendered":"<p>Taleb Rifai (OMT), Amancio L\u00f3pez Seijas (Exceltur y Hotusa), Raimon Mart\u00ednez Fraile (SITC), Liu Wi Young (CITS), Enric Tic\u00f3 (FGC) e Ignacio Basallo participan en la bienvenida a Comunicatur.<\/p>\n","protected":false},"author":1,"featured_media":0,"comment_status":"closed","ping_status":"open","sticky":false,"template":"","format":"standard","meta":[],"categories":[72],"tags":[],"_links":{"self":[{"href":"https:\/\/www.comunicatur.info\/es\/wp-json\/wp\/v2\/posts\/5152"}],"collection":[{"href":"https:\/\/www.comunicatur.info\/es\/wp-json\/wp\/v2\/posts"}],"about":[{"href":"https:\/\/www.comunicatur.info\/es\/wp-json\/wp\/v2\/types\/post"}],"author":[{"embeddable":true,"href":"https:\/\/www.comunicatur.info\/es\/wp-json\/wp\/v2\/users\/1"}],"replies":[{"embeddable":true,"href":"https:\/\/www.comunicatur.info\/es\/wp-json\/wp\/v2\/comments?post=5152"}],"version-history":[{"count":1,"href":"https:\/\/www.comunicatur.info\/es\/wp-json\/wp\/v2\/posts\/5152\/revisions"}],"predecessor-version":[{"id":5153,"href":"https:\/\/www.comunicatur.info\/es\/wp-json\/wp\/v2\/posts\/5152\/revisions\/5153"}],"wp:attachment":[{"href":"https:\/\/www.comunicatur.info\/es\/wp-json\/wp\/v2\/media?parent=5152"}],"wp:term":[{"taxonomy":"category","embeddable":true,"href":"https:\/\/www.comunicatur.info\/es\/wp-json\/wp\/v2\/categories?post=5152"},{"taxonomy":"post_tag","embeddable":true,"href":"https:\/\/www.comunicatur.info\/es\/wp-json\/wp\/v2\/tags?post=5152"}],"curies":[{"name":"wp","href":"https:\/\/api.w.org\/{rel}","templated":true}]}}