{"id":5129,"date":"2014-01-21T00:00:55","date_gmt":"2014-01-21T00:00:55","guid":{"rendered":"https:\/\/comunicatur.info\/?p=5129"},"modified":"2014-01-20T00:58:02","modified_gmt":"2014-01-20T00:58:02","slug":"montjuic-montana-de-los-museos","status":"publish","type":"post","link":"https:\/\/www.comunicatur.info\/es\/montjuic-montana-de-los-museos\/","title":{"rendered":"Montju\u00efc, Monta\u00f1a de los Museos"},"content":{"rendered":"<p>El\u00a0Museo Nacional de Arte de Catalu\u00f1a (MNAC), Fira de Barcelona y la Fundaci\u00f3n \u00abla Caixa\u00bb han constituido la Asociaci\u00f3n Montju\u00efc, Monta\u00f1a de los Museos, que supone el primer paso para la creaci\u00f3n de una gran red muse\u00edstica en la monta\u00f1a de Montju\u00efc.<\/p>\n<p>La constituci\u00f3n de esta asociaci\u00f3n permitir\u00e1 iniciar la ordenaci\u00f3n urban\u00edstica que el proyecto prev\u00e9 en el espacio alrededor de la Fuente M\u00e1gica de Montju\u00efc. El objectivo final, dicen sus impulsores, es el de \u201cdefinir un gran espacio cultural y patrimonial y llevar a cabo una gesti\u00f3n integral que comportar\u00e1 la coordinaci\u00f3n en la programaci\u00f3n, comercializaci\u00f3n y proyecci\u00f3n internacional\u201d.<\/p>\n<p>La futura Explanada de los Museos se podr\u00eda convertir en uno de los recintos muse\u00edsticos m\u00e1s importantes de Europa, al lado de otros ya existentes, como la Isla de los Museos, en Berl\u00edn, y el Barrio de los Museos, en Viena.<\/p>\n","protected":false},"excerpt":{"rendered":"<p>El\u00a0Museo Nacional de Arte de Catalu\u00f1a (MNAC), Fira de Barcelona y la Fundaci\u00f3n \u00abla Caixa\u00bb han constituido la Asociaci\u00f3n Montju\u00efc, Monta\u00f1a de los Museos, que supone el primer paso para la creaci\u00f3n de una gran red muse\u00edstica en la monta\u00f1a de Montju\u00efc. La constituci\u00f3n de esta asociaci\u00f3n permitir\u00e1 iniciar la ordenaci\u00f3n urban\u00edstica que el proyecto &hellip;<\/p>\n","protected":false},"author":1,"featured_media":0,"comment_status":"closed","ping_status":"open","sticky":false,"template":"","format":"standard","meta":[],"categories":[62],"tags":[],"_links":{"self":[{"href":"https:\/\/www.comunicatur.info\/es\/wp-json\/wp\/v2\/posts\/5129"}],"collection":[{"href":"https:\/\/www.comunicatur.info\/es\/wp-json\/wp\/v2\/posts"}],"about":[{"href":"https:\/\/www.comunicatur.info\/es\/wp-json\/wp\/v2\/types\/post"}],"author":[{"embeddable":true,"href":"https:\/\/www.comunicatur.info\/es\/wp-json\/wp\/v2\/users\/1"}],"replies":[{"embeddable":true,"href":"https:\/\/www.comunicatur.info\/es\/wp-json\/wp\/v2\/comments?post=5129"}],"version-history":[{"count":1,"href":"https:\/\/www.comunicatur.info\/es\/wp-json\/wp\/v2\/posts\/5129\/revisions"}],"predecessor-version":[{"id":5130,"href":"https:\/\/www.comunicatur.info\/es\/wp-json\/wp\/v2\/posts\/5129\/revisions\/5130"}],"wp:attachment":[{"href":"https:\/\/www.comunicatur.info\/es\/wp-json\/wp\/v2\/media?parent=5129"}],"wp:term":[{"taxonomy":"category","embeddable":true,"href":"https:\/\/www.comunicatur.info\/es\/wp-json\/wp\/v2\/categories?post=5129"},{"taxonomy":"post_tag","embeddable":true,"href":"https:\/\/www.comunicatur.info\/es\/wp-json\/wp\/v2\/tags?post=5129"}],"curies":[{"name":"wp","href":"https:\/\/api.w.org\/{rel}","templated":true}]}}