{"id":5069,"date":"2014-01-13T00:08:55","date_gmt":"2014-01-13T00:08:55","guid":{"rendered":"https:\/\/comunicatur.info\/?p=5069"},"modified":"2014-01-12T16:11:20","modified_gmt":"2014-01-12T16:11:20","slug":"el-aeropuerto-de-barcelona-vuelve-batir-un-record-de-pasajeros","status":"publish","type":"post","link":"https:\/\/www.comunicatur.info\/es\/el-aeropuerto-de-barcelona-vuelve-batir-un-record-de-pasajeros\/","title":{"rendered":"El aeropuerto de Barcelona vuelve a batir un r\u00e9cord de pasajeros"},"content":{"rendered":"<p><!--[if gte mso 9]><xml>\n <w:WordDocument>\n  <w:View>Normal<\/w:View>\n  <w:Zoom>0<\/w:Zoom>\n  <w:HyphenationZone>21<\/w:HyphenationZone>\n  <w:PunctuationKerning\/>\n  <w:ValidateAgainstSchemas\/>\n  <w:SaveIfXMLInvalid>false<\/w:SaveIfXMLInvalid>\n  <w:IgnoreMixedContent>false<\/w:IgnoreMixedContent>\n  <w:AlwaysShowPlaceholderText>false<\/w:AlwaysShowPlaceholderText>\n  <w:Compatibility>\n   <w:BreakWrappedTables\/>\n   <w:SnapToGridInCell\/>\n   <w:WrapTextWithPunct\/>\n   <w:UseAsianBreakRules\/>\n   <w:DontGrowAutofit\/>\n  <\/w:Compatibility>\n  <w:BrowserLevel>MicrosoftInternetExplorer4<\/w:BrowserLevel>\n <\/w:WordDocument>\n<\/xml><![endif]--><\/p>\n<p>El aeropuerto del Prat ha tenido un ligero incremento de pasajeros respeto el a\u00f1o anterior. Ha cerrado 2013 con m\u00e1s de 35,2 millones. Se trata de una tendencia alcista constante en los \u00faltimos a\u00f1os en Barcelona que contrasta con Madrid que contin\u00faa liderando el tr\u00e1nsito a\u00e9reo en Espa\u00f1a pero en una evoluci\u00f3n negativa.<\/p>\n<p>Seg\u00fan datos de AENA, durante el 2013 pasaron por el aeropuerto del Prat m\u00e1s pasajeros que ning\u00fan otro ejercicio. En los \u00faltimos 4 a\u00f1os El Prat ha incrementado el n\u00famero de pasajeros en 6 millones con un crecimiento constante. Por su parte, Barajas, que no ha podido superar los 40 millones de pasajeros el pasado a\u00f1o, ha perdido cerca de 10 millones en el mismo periodo.<\/p>\n<p>Y se que al aeropuerto de Madrid le pasa todo lo contrario que al de Barcelona. El descenso de Barajas ha sido del 12% situ\u00e1ndose con 39,7 millones de viajeros anuales, muy lejos de los cerca de 50 de hace 4 a\u00f1os. El mes de agosto de 2013 fue el del primer mes durante un <span style=\"mso-spacerun: yes;\">\u00a0<\/span>a\u00f1o en que el aeropuerto de Barcelona superaba Madrid en n\u00famero de pasajeros. Palma de Mallorca, con 22,7 millones, es el tercer aeropuerto espa\u00f1ol.<\/p>\n<p>El resto de aeropuertos catalanes con datos significativos son Girona y Reus. El aeropuerto gerundense ha perdido un 3,8% de pasajeros respeto al 2012. El retroceso de Ryanair est\u00e1 afectando desde hace tiempo e a este aeropuerto que ha cerrado el ejercicio con 2,7 millones. El tr\u00e1nsito del aeropuerto de Reus se ha incrementado en el \u00faltimo a\u00f1o un 3,6% y ha llegado a los 971 mil pasajeros.<\/p>\n<p><span style=\"font-size: 11.0pt; line-height: 115%; font-family: Calibri; mso-fareast-font-family: Calibri; mso-bidi-font-family: 'Times New Roman'; mso-ansi-language: ES; mso-fareast-language: EN-US; mso-bidi-language: AR-SA;\">A lo largo del a\u00f1o 2013, la red de Aena ha registrado 187.361.347 pasajeros (-3,5%). El n\u00famero de operaciones fue de 1.790.861 movimientos (-7%).<\/span><\/p>\n","protected":false},"excerpt":{"rendered":"<p>El aeropuerto del Prat ha tenido un ligero incremento de pasajeros respeto el a\u00f1o anterior. Ha cerrado 2013 con m\u00e1s de 35,2 millones. Se trata de una tendencia alcista constante en los \u00faltimos a\u00f1os en Barcelona que contrasta con Madrid que contin\u00faa liderando el tr\u00e1nsito a\u00e9reo en Espa\u00f1a pero en una evoluci\u00f3n negativa. Seg\u00fan datos &hellip;<\/p>\n","protected":false},"author":1,"featured_media":0,"comment_status":"closed","ping_status":"open","sticky":false,"template":"","format":"standard","meta":[],"categories":[65],"tags":[],"_links":{"self":[{"href":"https:\/\/www.comunicatur.info\/es\/wp-json\/wp\/v2\/posts\/5069"}],"collection":[{"href":"https:\/\/www.comunicatur.info\/es\/wp-json\/wp\/v2\/posts"}],"about":[{"href":"https:\/\/www.comunicatur.info\/es\/wp-json\/wp\/v2\/types\/post"}],"author":[{"embeddable":true,"href":"https:\/\/www.comunicatur.info\/es\/wp-json\/wp\/v2\/users\/1"}],"replies":[{"embeddable":true,"href":"https:\/\/www.comunicatur.info\/es\/wp-json\/wp\/v2\/comments?post=5069"}],"version-history":[{"count":1,"href":"https:\/\/www.comunicatur.info\/es\/wp-json\/wp\/v2\/posts\/5069\/revisions"}],"predecessor-version":[{"id":5070,"href":"https:\/\/www.comunicatur.info\/es\/wp-json\/wp\/v2\/posts\/5069\/revisions\/5070"}],"wp:attachment":[{"href":"https:\/\/www.comunicatur.info\/es\/wp-json\/wp\/v2\/media?parent=5069"}],"wp:term":[{"taxonomy":"category","embeddable":true,"href":"https:\/\/www.comunicatur.info\/es\/wp-json\/wp\/v2\/categories?post=5069"},{"taxonomy":"post_tag","embeddable":true,"href":"https:\/\/www.comunicatur.info\/es\/wp-json\/wp\/v2\/tags?post=5069"}],"curies":[{"name":"wp","href":"https:\/\/api.w.org\/{rel}","templated":true}]}}