{"id":5009,"date":"2013-12-19T23:30:37","date_gmt":"2013-12-19T23:30:37","guid":{"rendered":"https:\/\/comunicatur.info\/?p=5009"},"modified":"2014-01-10T23:32:52","modified_gmt":"2014-01-10T23:32:52","slug":"47-campings-catalanes-seguiran-abiertos-y-podran-hacer-mejoras-por-la-modificacion-del-plan-de-costa","status":"publish","type":"post","link":"https:\/\/www.comunicatur.info\/es\/47-campings-catalanes-seguiran-abiertos-y-podran-hacer-mejoras-por-la-modificacion-del-plan-de-costa\/","title":{"rendered":"47 campings catalanes seguir\u00e1n abiertos y podr\u00e1n hacer mejoras por la modificaci\u00f3n del plan de costa"},"content":{"rendered":"<p>La Comisi\u00f3n de Pol\u00edtica Territorial y Urbanismo de Catalu\u00f1a ha aprobado inicialmente la modificaci\u00f3n de los planes directores urban\u00edsticos del sistema costero, hecho que permitir\u00e1 a 47 campings catalanes situados en primera l\u00ednea de costa seguir operando y mejorar sus instalaciones. En algunos supuestos, se permitir\u00e1 tambi\u00e9n su ampliaci\u00f3n. Adem\u00e1s, se propondr\u00e1 el traslado de unidades de acampada o de instalaciones de los campings hacia el interior, para prevenir afectaciones causadas por la din\u00e1mica propia del litoral, como temporales, oleaje, sedimentaci\u00f3n o erosi\u00f3n.<!--more-->Esta noticia ha sido muy bien recibida por el sector, ya que algunas de las instalaciones afectadas deb\u00edan cerrar seg\u00fan la normativa vigente, bien por su antig\u00fcedad, bien porque no tramitaron todos los permisos necesarios. Si los ayuntamientos lo consideran oportuno se podr\u00e1n regularizar los campings hoy implantados. En cuanto a las edificaciones existentes, se podr\u00e1n rehabilitar pero no se permitir\u00e1n nuevas implantaciones y las ampliaciones quedar\u00e1n limitadas a las de tama\u00f1o m\u00e1s reducido.<\/p>\n<p>Los dos Planes urban\u00edsticos del sistema costero existentes se aprobaron con el fin de proteger el litoral catal\u00e1n de una excesiva urbanizaci\u00f3n. Velan especialmente por una franja de 500 metros de ancho situada en primera l\u00ednea de costa. Los 47 campings afectados ya estaban operativos desde hac\u00eda a\u00f1os en el momento de la aprobaci\u00f3n de los Planes. Dadas las restricciones de los Planes, los campings de primera l\u00ednea de mar no pueden mejorar sus instalaciones, con el riesgo de decadencia e impacto paisaj\u00edstico que ello comporta.<\/p>\n<p>Por otra parte, la Generalitat y la asociaci\u00f3n profesional que agrupa a los campings leridanos firmaron un protocolo para regular las instalaciones situadas en zonas inundables. Este acuerdo de colaboraci\u00f3n se traduce en una serie de actuaciones para minimizar los riesgos, as\u00ed como las medidas que deber\u00e1n contener los planes de autoprotecci\u00f3n de los campings y la tramitaci\u00f3n urban\u00edstica que habr\u00e1 que impulsar para la regularizaci\u00f3n de algunas instalaciones.<\/p>\n","protected":false},"excerpt":{"rendered":"<p>La Comisi\u00f3n de Pol\u00edtica Territorial y Urbanismo de Catalu\u00f1a ha aprobado inicialmente la modificaci\u00f3n de los planes directores urban\u00edsticos del sistema costero, hecho que permitir\u00e1 a 47 campings catalanes situados en primera l\u00ednea de costa seguir operando y mejorar sus instalaciones. En algunos supuestos, se permitir\u00e1 tambi\u00e9n su ampliaci\u00f3n. Adem\u00e1s, se propondr\u00e1 el traslado de &hellip;<\/p>\n","protected":false},"author":1,"featured_media":0,"comment_status":"closed","ping_status":"open","sticky":false,"template":"","format":"standard","meta":[],"categories":[59],"tags":[75],"_links":{"self":[{"href":"https:\/\/www.comunicatur.info\/es\/wp-json\/wp\/v2\/posts\/5009"}],"collection":[{"href":"https:\/\/www.comunicatur.info\/es\/wp-json\/wp\/v2\/posts"}],"about":[{"href":"https:\/\/www.comunicatur.info\/es\/wp-json\/wp\/v2\/types\/post"}],"author":[{"embeddable":true,"href":"https:\/\/www.comunicatur.info\/es\/wp-json\/wp\/v2\/users\/1"}],"replies":[{"embeddable":true,"href":"https:\/\/www.comunicatur.info\/es\/wp-json\/wp\/v2\/comments?post=5009"}],"version-history":[{"count":1,"href":"https:\/\/www.comunicatur.info\/es\/wp-json\/wp\/v2\/posts\/5009\/revisions"}],"predecessor-version":[{"id":5010,"href":"https:\/\/www.comunicatur.info\/es\/wp-json\/wp\/v2\/posts\/5009\/revisions\/5010"}],"wp:attachment":[{"href":"https:\/\/www.comunicatur.info\/es\/wp-json\/wp\/v2\/media?parent=5009"}],"wp:term":[{"taxonomy":"category","embeddable":true,"href":"https:\/\/www.comunicatur.info\/es\/wp-json\/wp\/v2\/categories?post=5009"},{"taxonomy":"post_tag","embeddable":true,"href":"https:\/\/www.comunicatur.info\/es\/wp-json\/wp\/v2\/tags?post=5009"}],"curies":[{"name":"wp","href":"https:\/\/api.w.org\/{rel}","templated":true}]}}