{"id":4916,"date":"2013-12-18T00:00:00","date_gmt":"2013-12-18T00:00:00","guid":{"rendered":"https:\/\/comunicatur.info\/els-municipis-catalans-reben-11-milions-deuros-de-la-taxa-2\/"},"modified":"2013-12-18T00:00:00","modified_gmt":"2013-12-18T00:00:00","slug":"els-municipis-catalans-reben-11-milions-deuros-de-la-taxa-2","status":"publish","type":"post","link":"https:\/\/www.comunicatur.info\/es\/els-municipis-catalans-reben-11-milions-deuros-de-la-taxa-2\/","title":{"rendered":"11 millones de euros para los municipios catalanes"},"content":{"rendered":"<p>La Generalitat ya ha transferido a los entes locales un total de 11 millones de euros procedentes de la tasa tur\u00edstica.<\/p>\n<p><\/p>\n<p>Seg\u00fan ha explicado el conceller de Empresa y Empleo, Felip Puig, en sede parlamentaria, desde su implantaci\u00f3n en todo el territorio catal\u00e1n, el 1 de noviembre de 2012 hasta este mes de septiembre, el impuesto ha generado m\u00e1s de 34 millones de euros. De esta cifra total, el 47% lo han ingresado los establecimientos de la ciudad de Barcelona y el 53%, los del resto del territorio.<\/p>\n<p>Los entes locales pueden destinar el dinero transferido a actuaciones como la adecuaci\u00f3n para implementar sellos de especialidad del destino como por ejemplo Destino de Turismo Familiar, Destino de Turismo Deportivo, Turismo S\u00e9nior y Turismo Accesible; plan de formaci\u00f3n en idiomas y en atenci\u00f3n al cliente; la creaci\u00f3n de nuevo producto tur\u00edstico; y aplicaci\u00f3n de las tecnolog\u00edas de la informaci\u00f3n y las comunicaciones a la mejora de la experiencia tur\u00edstica.<\/p>\n<p>Puig tambi\u00e9n ha anunciado la puesta en marcha de unos planes espec\u00edficos para mejorar los destinos mediante la renovaci\u00f3n de la planta de alojamiento y de los servicios e infraestructuras tur\u00edsticas para adaptarlos a la demanda.<\/p>\n<p>El primer plan de ayudas est\u00e1 dotado con 6 millones de euros y va dirigido a ente y corporaciones locales que quieran promover acciones de mejora en sus municipios. Con respecto al segundo todav\u00eda se est\u00e1 definiendo, pero est\u00e1 enfocado a la modernizaci\u00f3n de establecimientos y equipamientos tur\u00edsticos obsoletos.<\/p>\n<p><a type=\"button_count\" name=\"fb_share\"><\/a><\/p>\n<p><script src=\"http:\/\/static.ak.fbcdn.net\/connect.php\/js\/FB.Share\" type=\"text\/javascript\"><\/script><\/p>\n<p><a class=\"twitter-share-button\" data-lang=\"es\" data-text=\"11 millones de euros para los municipios catalanes via @comunicatur\" data-count=\"horizontal\" href=\"http:\/\/twitter.com\/share\" target=\"_blank\" rel=\"noopener\">Tweet<\/a><\/p>\n<p><script type=\"text\/javascript\" src=\"http:\/\/platform.twitter.com\/widgets.js\"><\/script><\/p>\n<p><a href=\"https:\/\/www.comunicatur.info\">[HOME]<\/a><\/p>\n","protected":false},"excerpt":{"rendered":"<p>La Generalitat ya ha transferido a los entes locales un total de 11 millones de euros procedentes de la tasa tur\u00edstica.<\/p>\n","protected":false},"author":1,"featured_media":0,"comment_status":"close","ping_status":"open","sticky":false,"template":"","format":"standard","meta":[],"categories":[18],"tags":[],"_links":{"self":[{"href":"https:\/\/www.comunicatur.info\/es\/wp-json\/wp\/v2\/posts\/4916"}],"collection":[{"href":"https:\/\/www.comunicatur.info\/es\/wp-json\/wp\/v2\/posts"}],"about":[{"href":"https:\/\/www.comunicatur.info\/es\/wp-json\/wp\/v2\/types\/post"}],"author":[{"embeddable":true,"href":"https:\/\/www.comunicatur.info\/es\/wp-json\/wp\/v2\/users\/1"}],"replies":[{"embeddable":true,"href":"https:\/\/www.comunicatur.info\/es\/wp-json\/wp\/v2\/comments?post=4916"}],"version-history":[{"count":0,"href":"https:\/\/www.comunicatur.info\/es\/wp-json\/wp\/v2\/posts\/4916\/revisions"}],"wp:attachment":[{"href":"https:\/\/www.comunicatur.info\/es\/wp-json\/wp\/v2\/media?parent=4916"}],"wp:term":[{"taxonomy":"category","embeddable":true,"href":"https:\/\/www.comunicatur.info\/es\/wp-json\/wp\/v2\/categories?post=4916"},{"taxonomy":"post_tag","embeddable":true,"href":"https:\/\/www.comunicatur.info\/es\/wp-json\/wp\/v2\/tags?post=4916"}],"curies":[{"name":"wp","href":"https:\/\/api.w.org\/{rel}","templated":true}]}}