{"id":4899,"date":"2013-12-10T00:00:00","date_gmt":"2013-12-10T00:00:00","guid":{"rendered":"https:\/\/comunicatur.info\/formules-per-atraure-nous-turistes-culturals-2\/"},"modified":"2013-12-10T00:00:00","modified_gmt":"2013-12-10T00:00:00","slug":"formules-per-atraure-nous-turistes-culturals-2","status":"publish","type":"post","link":"https:\/\/www.comunicatur.info\/es\/formules-per-atraure-nous-turistes-culturals-2\/","title":{"rendered":"F\u00f3rmulas para atraer nuevos turistas \u201cculturales\u201d"},"content":{"rendered":"<p>El Museo Mar\u00edtimo, el MNAC y el Palacio G\u00fcell, en Barcelona, buscan alternativas para diversificar su p\u00fablico y atraer nuevos visitantes.<\/p>\n<p><\/p>\n<p>El Museo Nacional de Arte de Catalu\u00f1a (MNAC) ha abierto al p\u00fablico dos terrazas- mirador en las azoteas del Palacio Nacional, un espacio de m\u00e1s de 1.200 m2. La visita a estas terrazas- mirador permite disfrutar de una visi\u00f3n de 360 grados de la ciudad y ver los principales edificios y monumentos que conforman el skyline de Barcelona: desde la Sagrada Familia a la Torre Agbar y los edificios de la Vila Ol\u00edmpica, al puerto y la Anilla Ol\u00edmpica.<br \/>\nLa visita a este espacio est\u00e1 incluida en la entrada del museo. Su adecuaci\u00f3n permite al museo tener un nuevo escenario para organizar conciertos y otras actividades y tambi\u00e9n sirve para incrementar la oferta de espacios de alquiler, que ayudan a incrementar los recursos propios.<\/p>\n<p>Visitas guiadas, recorrido autoguiado, conferencias espec\u00edficas sobre el terreno y sesiones teatralizadas, son las actividades que propone el Museo Mar\u00edtimo de Barcelona (MMB) para reforzar su grado de conocimiento entre la ciudadan\u00eda y ganar visitantes. Bajo el nombre &#8216;Descubre los Astilleros&#8217;, este conjunto de actividades nace para que el Mar\u00edtimo deje de ser \u201cuno de los grandes desconocidos\u201d. Est\u00e1n dirigidas al p\u00fablico en general para dar a conocer la historia, la evoluci\u00f3n y los diferentes usos de este hist\u00f3rico conjunto arquitect\u00f3nico.<\/p>\n<p>Otro recurso tur\u00edstico de la ciudad, el Palau G\u00fcell, ofrece una nueva propuesta a los visitantes y cada primer martes de mes hasta el mes de julio de 2014, tiene lugar un concierto de \u00f3rgano en directo. Esta iniciativa es fruto de los trabajos de Antoni Gaud\u00ed en el Palau G\u00fcell donde puso en pr\u00e1ctica sus ideas sobre la conexi\u00f3n entre la arquitectura y la m\u00fasica, con unos resultados ac\u00fasticos excelentes. Las audiciones en vivo corren a cargo de los alumnos de Grado Superior de \u00d3rgano del Conservatorio de M\u00fasica del Liceo de Barcelona que interpretan piezas modernistas en este instrumento situado en el sal\u00f3n central del palacio y dise\u00f1ado por Gaud\u00ed y Aquilino Amezua.<\/p>\n<p><a type=\"button_count\" name=\"fb_share\"><\/a><\/p>\n<p><script src=\"http:\/\/static.ak.fbcdn.net\/connect.php\/js\/FB.Share\" type=\"text\/javascript\"><\/script><\/p>\n<p><a class=\"twitter-share-button\" data-lang=\"es\" data-text=\"F\u00f3rmulas para atraer nuevos turistas \u201cculturales\u201d via @comunicatur\" data-count=\"horizontal\" href=\"http:\/\/twitter.com\/share\" target=\"_blank\" rel=\"noopener\">Tweet<\/a><\/p>\n<p><script type=\"text\/javascript\" src=\"http:\/\/platform.twitter.com\/widgets.js\"><\/script><\/p>\n<p><a href=\"https:\/\/www.comunicatur.info\">[HOME]<\/a><\/p>\n","protected":false},"excerpt":{"rendered":"<p>El Museo Mar\u00edtimo, el MNAC y el Palacio G\u00fcell, en Barcelona, buscan alternativas para diversificar su p\u00fablico y atraer nuevos visitantes.<\/p>\n","protected":false},"author":1,"featured_media":0,"comment_status":"close","ping_status":"open","sticky":false,"template":"","format":"standard","meta":[],"categories":[19],"tags":[],"_links":{"self":[{"href":"https:\/\/www.comunicatur.info\/es\/wp-json\/wp\/v2\/posts\/4899"}],"collection":[{"href":"https:\/\/www.comunicatur.info\/es\/wp-json\/wp\/v2\/posts"}],"about":[{"href":"https:\/\/www.comunicatur.info\/es\/wp-json\/wp\/v2\/types\/post"}],"author":[{"embeddable":true,"href":"https:\/\/www.comunicatur.info\/es\/wp-json\/wp\/v2\/users\/1"}],"replies":[{"embeddable":true,"href":"https:\/\/www.comunicatur.info\/es\/wp-json\/wp\/v2\/comments?post=4899"}],"version-history":[{"count":0,"href":"https:\/\/www.comunicatur.info\/es\/wp-json\/wp\/v2\/posts\/4899\/revisions"}],"wp:attachment":[{"href":"https:\/\/www.comunicatur.info\/es\/wp-json\/wp\/v2\/media?parent=4899"}],"wp:term":[{"taxonomy":"category","embeddable":true,"href":"https:\/\/www.comunicatur.info\/es\/wp-json\/wp\/v2\/categories?post=4899"},{"taxonomy":"post_tag","embeddable":true,"href":"https:\/\/www.comunicatur.info\/es\/wp-json\/wp\/v2\/tags?post=4899"}],"curies":[{"name":"wp","href":"https:\/\/api.w.org\/{rel}","templated":true}]}}