{"id":4868,"date":"2013-11-20T00:00:00","date_gmt":"2013-11-20T00:00:00","guid":{"rendered":"https:\/\/comunicatur.info\/forum-gastronomic-i-hostelco-junts-el-2014-2\/"},"modified":"2013-11-20T00:00:00","modified_gmt":"2013-11-20T00:00:00","slug":"forum-gastronomic-i-hostelco-junts-el-2014-2","status":"publish","type":"post","link":"https:\/\/www.comunicatur.info\/es\/forum-gastronomic-i-hostelco-junts-el-2014-2\/","title":{"rendered":"Hostelco y F\u00f2rum Gastron\u00f2mic se celebrar\u00e1n juntos en 2014"},"content":{"rendered":"<p>Las pr&oacute;ximas ediciones de Hostelco y F&ograve;rum Gastron&ograve;mic sumar&aacute;n recursos con el objetivo de proponer al profesional del sector una oferta variada y convertirse as&iacute; en un referente obligado para la industria culinaria internacional.<\/p>\n<p><\/p>\n<p>El acuerdo alcanzado entre las dos organizaciones permitir&aacute; crear una de las mayores plataformas de la industria gastron&oacute;mica del sur de Europa gracias a la marcada complementariedad entre el sector del equipamiento para la hosteler&iacute;a y el de la gastronom&iacute;a profesional. La celebraci&oacute;n simult&aacute;nea de los dos eventos permitir&aacute; aumentar las oportunidades de networking, negocios y difusi&oacute;n del conocimiento de todas las empresas y profesionales que actualmente integran el mundo de la gastronom&iacute;a.<\/p>\n<p>Los dos salones se complementar&aacute;n sin perder su personalidad, manteniendo sus marcas, imagen y organizaci&oacute;n espec&iacute;ficas. No obstante, se coordinar&aacute;n conjuntamente todos los aspectos comunes relativos a la promoci&oacute;n, la log&iacute;stica y la programaci&oacute;n de las actividades paralelas: entre ambos sectores existe una alta coincidencia en el perfil del visitante profesional, que tendr&aacute; la oportunidad de participar tanto en las jornadas t&eacute;cnicas organizadas por Hostelco como en las demostraciones y talleres de cocina que se desarrollar&aacute;n en el marco del F&ograve;rum Gastron&ograve;mic.<\/p>\n<p>En los a&ntilde;os impares, durante los cuales no tiene lugar Hostelco, el F&ograve;rum Gastron&ograve;mic se seguir&aacute; celebrando en Girona, tal y como se anunci&oacute; en la clausura de su pasada edici&oacute;n del mes de febrero.<\/p>\n<p><a type=\"button_count\" name=\"fb_share\"><\/a><\/p>\n<p><script src=\"http:\/\/static.ak.fbcdn.net\/connect.php\/js\/FB.Share\" type=\"text\/javascript\"><\/script><\/p>\n<p><a class=\"twitter-share-button\" data-lang=\"es\" data-text=\"Hostelco y F\u00f2rum Gastron\u00f2mic se celebrar\u00e1n simult\u00e1neamente en Barcelona en 2014 v\u00eda @comunicatur\" data-count=\"horizontal\" href=\"http:\/\/twitter.com\/share\" target=\"_blank\" rel=\"noopener\">Tweet<\/a><\/p>\n<p><script type=\"text\/javascript\" src=\"http:\/\/platform.twitter.com\/widgets.js\"><\/script><\/p>\n<p><a href=\"https:\/\/www.comunicatur.info\">[HOME]<\/a><\/p>\n","protected":false},"excerpt":{"rendered":"<p>Las pr&oacute;ximas ediciones de Hostelco y F&ograve;rum Gastron&ograve;mic sumar&aacute;n recursos con el objetivo de proponer al profesional del sector una oferta variada y convertirse as&iacute; en un referente obligado para la industria culinaria internacional.<\/p>\n","protected":false},"author":1,"featured_media":0,"comment_status":"close","ping_status":"open","sticky":false,"template":"","format":"standard","meta":[],"categories":[24],"tags":[],"_links":{"self":[{"href":"https:\/\/www.comunicatur.info\/es\/wp-json\/wp\/v2\/posts\/4868"}],"collection":[{"href":"https:\/\/www.comunicatur.info\/es\/wp-json\/wp\/v2\/posts"}],"about":[{"href":"https:\/\/www.comunicatur.info\/es\/wp-json\/wp\/v2\/types\/post"}],"author":[{"embeddable":true,"href":"https:\/\/www.comunicatur.info\/es\/wp-json\/wp\/v2\/users\/1"}],"replies":[{"embeddable":true,"href":"https:\/\/www.comunicatur.info\/es\/wp-json\/wp\/v2\/comments?post=4868"}],"version-history":[{"count":0,"href":"https:\/\/www.comunicatur.info\/es\/wp-json\/wp\/v2\/posts\/4868\/revisions"}],"wp:attachment":[{"href":"https:\/\/www.comunicatur.info\/es\/wp-json\/wp\/v2\/media?parent=4868"}],"wp:term":[{"taxonomy":"category","embeddable":true,"href":"https:\/\/www.comunicatur.info\/es\/wp-json\/wp\/v2\/categories?post=4868"},{"taxonomy":"post_tag","embeddable":true,"href":"https:\/\/www.comunicatur.info\/es\/wp-json\/wp\/v2\/tags?post=4868"}],"curies":[{"name":"wp","href":"https:\/\/api.w.org\/{rel}","templated":true}]}}