{"id":4866,"date":"2013-11-18T10:36:27","date_gmt":"2013-11-18T10:36:27","guid":{"rendered":"https:\/\/comunicatur.info\/martinez-fraile-els-creixements-turistics-del-3-son-sostenibles-per-a-espanya-2\/"},"modified":"2013-11-18T10:36:27","modified_gmt":"2013-11-18T10:36:27","slug":"martinez-fraile-els-creixements-turistics-del-3-son-sostenibles-per-a-espanya-2","status":"publish","type":"post","link":"https:\/\/www.comunicatur.info\/es\/martinez-fraile-els-creixements-turistics-del-3-son-sostenibles-per-a-espanya-2\/","title":{"rendered":"Mart\u00ednez Fraile: Los crecimientos tur\u00edsticos del 3% son sostenibles para Espa\u00f1a"},"content":{"rendered":"<p>Raimon Mart&iacute;nez Fraile, presidente del SITC, repasa para Comunicatur el futuro tur&iacute;stico espa&ntilde;ol analizando la situaci&oacute;n actual y previendo su evoluci&oacute;n futura. &ldquo;El sector necesita m&aacute;s innovaci&oacute;n en la gesti&oacute;n que innovaci&oacute;n tecnol&oacute;gica&rdquo;.<\/p>\n<p><center><iframe width=\"420\" height=\"236\" src=\"\/\/www.youtube.com\/embed\/Gg7IpeqlGPk?list=UUCPXQyLEzVtDvIwSA5pJU-Q\" frameborder=\"0\" allowfullscreen><\/iframe><\/center> <center><a target=\"_blank\" href=\"http:\/\/youtu.be\/Gg7IpeqlGPk\" rel=\"noopener\">Ver video con mejor ancho de banda<\/a><\/center><\/p>\n<p>El presidente del Sal&oacute;n Internacional del Turismo de Catalu&ntilde;a (SITC), Raimon Mart&iacute;nez Fraile, es contundente al afirmar: &ldquo;tenemos petr&oacute;leo y ese petr&oacute;leo es el turismo, con una diferencia, que el otro se agota y este si lo hacemos bien y con criterios de sostenibilidad lo podemos incrementar.&rdquo;<\/p>\n<p>La actividad tur&iacute;stica es la primera industria del pa&iacute;s, &ldquo;es la columna vertebral de nuestra econom&iacute;a&rdquo; y tambi&eacute;n &ldquo;a nivel mundial es m&aacute;s importante por ejemplo que las energ&iacute;as o la automoci&oacute;n&rdquo;. Para Fraile, el turismo es una actividad con mucho valor a&ntilde;adido que en muchas ocasiones no se lo reconoce ni el propio sector&rdquo;.<\/p>\n<p>Sobre el SITC considera que su modelo, a diferencia de otras ferias que van dirigidas a los intermediarios, es el de cliente final y por eso apuesta por el turismo de proximidad. Fraile recuerda que el turismo interior est&aacute; pasando un bache y es importante tener una reactivaci&oacute;n de la econom&iacute;a para que se recupere el turismo interior.<\/p>\n<p><a type=\"button_count\" name=\"fb_share\"><\/a><\/p>\n<p><script src=\"http:\/\/static.ak.fbcdn.net\/connect.php\/js\/FB.Share\" type=\"text\/javascript\"><\/script><\/p>\n<p><a class=\"twitter-share-button\" data-lang=\"es\" data-text=\"Fraile: Los crecimientos tur&iacute;sticos del 2% y el 3% son sostenibles para Espa&ntilde;a v&iacute;a @comunicatur\" data-count=\"horizontal\" href=\"http:\/\/twitter.com\/share\" target=\"_blank\" rel=\"noopener\">Tweet<\/a><\/p>\n<p><script type=\"text\/javascript\" src=\"http:\/\/platform.twitter.com\/widgets.js\"><\/script><\/p>\n<p><a href=\"https:\/\/www.comunicatur.info\">[HOME]<\/a><\/p>\n","protected":false},"excerpt":{"rendered":"<p>Raimon Mart&iacute;nez Fraile, presidente del SITC, repasa para Comunicatur el futuro tur&iacute;stico espa&ntilde;ol analizando la situaci&oacute;n actual y previendo su evoluci&oacute;n futura. &ldquo;El sector necesita m&aacute;s innovaci&oacute;n en la gesti&oacute;n que innovaci&oacute;n tecnol&oacute;gica&rdquo;.<\/p>\n","protected":false},"author":1,"featured_media":0,"comment_status":"close","ping_status":"open","sticky":false,"template":"","format":"standard","meta":[],"categories":[151],"tags":[],"_links":{"self":[{"href":"https:\/\/www.comunicatur.info\/es\/wp-json\/wp\/v2\/posts\/4866"}],"collection":[{"href":"https:\/\/www.comunicatur.info\/es\/wp-json\/wp\/v2\/posts"}],"about":[{"href":"https:\/\/www.comunicatur.info\/es\/wp-json\/wp\/v2\/types\/post"}],"author":[{"embeddable":true,"href":"https:\/\/www.comunicatur.info\/es\/wp-json\/wp\/v2\/users\/1"}],"replies":[{"embeddable":true,"href":"https:\/\/www.comunicatur.info\/es\/wp-json\/wp\/v2\/comments?post=4866"}],"version-history":[{"count":0,"href":"https:\/\/www.comunicatur.info\/es\/wp-json\/wp\/v2\/posts\/4866\/revisions"}],"wp:attachment":[{"href":"https:\/\/www.comunicatur.info\/es\/wp-json\/wp\/v2\/media?parent=4866"}],"wp:term":[{"taxonomy":"category","embeddable":true,"href":"https:\/\/www.comunicatur.info\/es\/wp-json\/wp\/v2\/categories?post=4866"},{"taxonomy":"post_tag","embeddable":true,"href":"https:\/\/www.comunicatur.info\/es\/wp-json\/wp\/v2\/tags?post=4866"}],"curies":[{"name":"wp","href":"https:\/\/api.w.org\/{rel}","templated":true}]}}