{"id":4841,"date":"2013-11-07T00:00:00","date_gmt":"2013-11-07T00:00:00","guid":{"rendered":"https:\/\/comunicatur.info\/leibtm-rebra-a-barcelona-15-000-professionals-darreu-del-mon-2\/"},"modified":"2013-11-07T00:00:00","modified_gmt":"2013-11-07T00:00:00","slug":"leibtm-rebra-a-barcelona-15-000-professionals-darreu-del-mon-2","status":"publish","type":"post","link":"https:\/\/www.comunicatur.info\/es\/leibtm-rebra-a-barcelona-15-000-professionals-darreu-del-mon-2\/","title":{"rendered":"La EIBTM recibir\u00e1 en Barcelona 15.000 profesionales"},"content":{"rendered":"<p>Del 19 al 21 de noviembre, el recinto Gran Via de Fira de Barcelona acoge una nueva edici\u00f3n de la EIBTM, con la oferta de m\u00e1s de 3.100 expositores de 150 pa\u00edses.<\/p>\n<p><\/p>\n<p>Bajo el eslogan \u00abLos mejores tres d\u00edas para su negocio\u00bb, el evento se convierte en el escaparate de una amplia oferta de proveedores para el turismo de reuniones e incentivos y para el business travel. Recintos congresuales, sedes especiales, hoteles, destinos, empresas de tecnolog\u00eda, servicios para viajes de negocios y empresas de servicios complementarios se dar\u00e1n cita estos d\u00edas en Barcelona.<\/p>\n<p>Los 15.000 profesionales del sector que est\u00e1 previsto que asistan, podr\u00e1n participar tambi\u00e9n en los m\u00e1s de 100 actos de networking que se llevar\u00e1n a cabo, y podr\u00e1n ser testigos de las 10 innovaciones m\u00e1s importantes para la industria de reuniones y eventos.<\/p>\n<p>Los organizadores tambi\u00e9n han preparado un programa de formaci\u00f3n con sesiones como por ejemplo: los criterios de selecci\u00f3n de proveedores clave en el Business Travel, la innovaci\u00f3n en acontecimientos a trav\u00e9s de la creatividad, el fen\u00f3meno del low cost y la realidad laboral en esta industria. El d\u00eda previo a la feria el profesor James Woudhuysen har\u00e1 una ponencia bajo el t\u00edtulo \u2018Una nueva perspectiva sobre el sector de las reuniones\u2019.<\/p>\n<p><b>Barcelona, sede de la EIBTM<\/b><\/p>\n<p>La capital catalana es la sede ideal para este certamen referente en el turismo de reuniones. Seg\u00fan el estudio A modern History of International Association Meetings de la ICCA, Barcelona se ha convertido, en el periodo 2008-2012, en la ciudad con m\u00e1s congresistas del planeta, con un total de 519.159 delegados. En segundo lugar se sit\u00faa Viena, con 516.581 inscritos, mientras que Berl\u00edn se coloca en tercera posici\u00f3n (470.076). Par\u00eds, a su vez, se posiciona en la cuarta plaza, con 448.881 participantes.<\/p>\n<p>Barcelona ya ocup\u00f3 esta posici\u00f3n de liderazgo en el periodo 1998-2002, cuando tambi\u00e9n se situ\u00f3 en la primera posici\u00f3n. El estudio de ICCA tambi\u00e9n reproduce la clasificaci\u00f3n mundial por n\u00famero de reuniones, en que la capital de Catalu\u00f1a, en este caso, se coloca en tercera posici\u00f3n, con un total de 822 encuentros, por detr\u00e1s de Par\u00eds y Viena.<\/p>\n<p>Turismo de Barcelona, de la mano de su Barcelona Convention Bureau, ha invertido en los \u00faltimos cinco a\u00f1os alrededor de nuevo millones de euros en la promoci\u00f3n de Barcelona como escenario de turismo de reuniones. El Barcelona Convention Bureau celebra este a\u00f1o 30 a\u00f1os de trayectoria.<\/p>\n<p><a type=\"button_count\" name=\"fb_share\"><\/a><\/p>\n<p><script src=\"http:\/\/static.ak.fbcdn.net\/connect.php\/js\/FB.Share\" type=\"text\/javascript\"><\/script><\/p>\n<p><a class=\"twitter-share-button\" data-lang=\"es\" data-text=\"La EIBTM recibir\u00e1 en Barcelona 15.000 profesionales via @comunicatur\" data-count=\"horizontal\" href=\"http:\/\/twitter.com\/share\" target=\"_blank\" rel=\"noopener\">Tweet<\/a><\/p>\n<p><script type=\"text\/javascript\" src=\"http:\/\/platform.twitter.com\/widgets.js\"><\/script><\/p>\n<p><a href=\"https:\/\/www.comunicatur.info\">[HOME]<\/a><\/p>\n","protected":false},"excerpt":{"rendered":"<p>Del 19 al 21 de noviembre, el recinto Gran Via de Fira de Barcelona acoge una nueva edici\u00f3n de la EIBTM, con la oferta de m\u00e1s de 3.100 expositores de 150 pa\u00edses.<\/p>\n","protected":false},"author":1,"featured_media":0,"comment_status":"close","ping_status":"open","sticky":false,"template":"","format":"standard","meta":[],"categories":[24],"tags":[],"_links":{"self":[{"href":"https:\/\/www.comunicatur.info\/es\/wp-json\/wp\/v2\/posts\/4841"}],"collection":[{"href":"https:\/\/www.comunicatur.info\/es\/wp-json\/wp\/v2\/posts"}],"about":[{"href":"https:\/\/www.comunicatur.info\/es\/wp-json\/wp\/v2\/types\/post"}],"author":[{"embeddable":true,"href":"https:\/\/www.comunicatur.info\/es\/wp-json\/wp\/v2\/users\/1"}],"replies":[{"embeddable":true,"href":"https:\/\/www.comunicatur.info\/es\/wp-json\/wp\/v2\/comments?post=4841"}],"version-history":[{"count":0,"href":"https:\/\/www.comunicatur.info\/es\/wp-json\/wp\/v2\/posts\/4841\/revisions"}],"wp:attachment":[{"href":"https:\/\/www.comunicatur.info\/es\/wp-json\/wp\/v2\/media?parent=4841"}],"wp:term":[{"taxonomy":"category","embeddable":true,"href":"https:\/\/www.comunicatur.info\/es\/wp-json\/wp\/v2\/categories?post=4841"},{"taxonomy":"post_tag","embeddable":true,"href":"https:\/\/www.comunicatur.info\/es\/wp-json\/wp\/v2\/tags?post=4841"}],"curies":[{"name":"wp","href":"https:\/\/api.w.org\/{rel}","templated":true}]}}