{"id":4790,"date":"2013-10-08T00:00:00","date_gmt":"2013-10-08T00:00:00","guid":{"rendered":"https:\/\/comunicatur.info\/oberta-la-convocatoria-de-les-beques-de-lact-2\/"},"modified":"2013-10-08T00:00:00","modified_gmt":"2013-10-08T00:00:00","slug":"oberta-la-convocatoria-de-les-beques-de-lact-2","status":"publish","type":"post","link":"https:\/\/www.comunicatur.info\/es\/oberta-la-convocatoria-de-les-beques-de-lact-2\/","title":{"rendered":"Abierta la convocatoria de las becas de la ACT"},"content":{"rendered":"<p>La Agencia Catalana de Turismo (ACT) ha abierto la convocatoria para incorporar 3 nuevos becarios a sus oficinas de promoci\u00f3n en el exterior: uno en Mil\u00e1n, uno en Frankfurt y uno en Madrid. Las solicitudes pueden presentarse hasta el 24 de octubre de 2013 (incluido).<\/p>\n<p><\/p>\n<p>Para acceder a estas becas es necesario disponer, entre otros requisitos, de una titulaci\u00f3n universitaria de grado medio o superior; tener conocimiento del castellano y del idioma del pa\u00eds de destino y disponer del nivel de suficiencia de catal\u00e1n; estar empadronado en Catalu\u00f1a como m\u00ednimo desde un a\u00f1o antes; y no tener m\u00e1s de 30 a\u00f1os.<\/p>\n<p>La duraci\u00f3n de las becas es de un a\u00f1o (enero-diciembre de 2014) con posibilidad de prorrogarlas un a\u00f1o m\u00e1s. En cuanto a la dotaci\u00f3n econ\u00f3mica, var\u00eda en funci\u00f3n del destino y oscila entre los 14.700 y los 16.800 euros para el a\u00f1o 2014.<\/p>\n<p>Esta es la 16\u00aa promoci\u00f3n de becarios de la Agencia Catalana de Turismo y, desde que en el a\u00f1o 1997 surgi\u00f3 la primera promoci\u00f3n, ya se han beneficiado de estas becas un total de 141 j\u00f3venes.<\/p>\n<p>La concesi\u00f3n de las becas que otorga la Agencia Catalana de Turismo tiene un doble objetivo: formar profesionales en el \u00e1mbito del sector tur\u00edstico catal\u00e1n y proporcionarles una experiencia calificada que les permita posteriormente incorporarse al mercado de trabajo.<\/p>\n<p><a type=\"button_count\" name=\"fb_share\"><\/a><\/p>\n<p><script src=\"http:\/\/static.ak.fbcdn.net\/connect.php\/js\/FB.Share\" type=\"text\/javascript\"><\/script><\/p>\n<p><a class=\"twitter-share-button\" data-lang=\"es\" data-text=\"Abierta la convocatoria de las becas de la ACT via @comunicatur\" data-count=\"horizontal\" href=\"http:\/\/twitter.com\/share\" target=\"_blank\" rel=\"noopener\">Tweet<\/a><\/p>\n<p><script type=\"text\/javascript\" src=\"http:\/\/platform.twitter.com\/widgets.js\"><\/script><\/p>\n<p><a href=\"https:\/\/www.comunicatur.info\">[HOME]<\/a><\/p>\n","protected":false},"excerpt":{"rendered":"<p>La Agencia Catalana de Turismo (ACT) ha abierto la convocatoria para incorporar 3 nuevos becarios a sus oficinas de promoci\u00f3n en el exterior: uno en Mil\u00e1n, uno en Frankfurt y uno en Madrid. Las solicitudes pueden presentarse hasta el 24 de octubre de 2013 (incluido).<\/p>\n","protected":false},"author":1,"featured_media":0,"comment_status":"close","ping_status":"open","sticky":false,"template":"","format":"standard","meta":[],"categories":[152],"tags":[],"_links":{"self":[{"href":"https:\/\/www.comunicatur.info\/es\/wp-json\/wp\/v2\/posts\/4790"}],"collection":[{"href":"https:\/\/www.comunicatur.info\/es\/wp-json\/wp\/v2\/posts"}],"about":[{"href":"https:\/\/www.comunicatur.info\/es\/wp-json\/wp\/v2\/types\/post"}],"author":[{"embeddable":true,"href":"https:\/\/www.comunicatur.info\/es\/wp-json\/wp\/v2\/users\/1"}],"replies":[{"embeddable":true,"href":"https:\/\/www.comunicatur.info\/es\/wp-json\/wp\/v2\/comments?post=4790"}],"version-history":[{"count":0,"href":"https:\/\/www.comunicatur.info\/es\/wp-json\/wp\/v2\/posts\/4790\/revisions"}],"wp:attachment":[{"href":"https:\/\/www.comunicatur.info\/es\/wp-json\/wp\/v2\/media?parent=4790"}],"wp:term":[{"taxonomy":"category","embeddable":true,"href":"https:\/\/www.comunicatur.info\/es\/wp-json\/wp\/v2\/categories?post=4790"},{"taxonomy":"post_tag","embeddable":true,"href":"https:\/\/www.comunicatur.info\/es\/wp-json\/wp\/v2\/tags?post=4790"}],"curies":[{"name":"wp","href":"https:\/\/api.w.org\/{rel}","templated":true}]}}