{"id":4788,"date":"2013-10-07T00:00:00","date_gmt":"2013-10-07T00:00:00","guid":{"rendered":"https:\/\/comunicatur.info\/senyalitzen-a-lleida-les-rutes-devasio-dels-jueus-durant-el-nazisme-2\/"},"modified":"2013-10-07T00:00:00","modified_gmt":"2013-10-07T00:00:00","slug":"senyalitzen-a-lleida-les-rutes-devasio-dels-jueus-durant-el-nazisme-2","status":"publish","type":"post","link":"https:\/\/www.comunicatur.info\/es\/senyalitzen-a-lleida-les-rutes-devasio-dels-jueus-durant-el-nazisme-2\/","title":{"rendered":"Se\u00f1alizan en Lleida las rutas de evasi\u00f3n de los jud\u00edos"},"content":{"rendered":"<p>&quot;Perseguidos y Salvados&quot; es el nombre de la iniciativa que recupera y pone en valor diferentes escenarios utilizados por los refugiados jud&iacute;os para huir del nazismo y de los campos de exterminio durante la Segunda Guerra Mundial. La Diputaci&oacute;n de Lleida se&ntilde;alizar&aacute; en los Pirineos cuatro itinerarios de evasi&oacute;n de los jud&iacute;os.<\/p>\n<p><\/p>\n<p>Las rutas atraviesan las comarcas catalanas del Pallars Sobir&agrave;, el Alta Ribagor&ccedil;a, el Valle de Ar&aacute;n, el Alt Urgell y la Cerda&ntilde;a. Adem&aacute;s de los itinerarios se se&ntilde;alizar&aacute;n aquellos lugares que se consideran m&aacute;s representativos, como las aduanas, cuarteles, prisiones, lugares de acogida y hoteles.<\/p>\n<p>Se crear&aacute; una marca propia que identifique en todo el territorio los espacios referentes a la estancia de los refugiados jud&iacute;os en las comarcas de Lleida. La identificaci&oacute;n incluir&aacute; se&ntilde;ales direccionales, carteles explicativos y la incorporaci&oacute;n de c&oacute;digos QR que permitir&aacute;n almacenar informaci&oacute;n para despu&eacute;s descargar los datos en el mismo lugar.<\/p>\n<p>El embajador de Israel, Alon Bar, avala el proyecto que ha calificado de &ldquo;maravilloso&rdquo; por el hecho de que reconoce la calidad humana de las personas que ayudaron a los jud&iacute;os a huir y porque consigue poner en su contexto el conocimiento, la historia y el turismo.<\/p>\n<p>Por su parte, el presidente de la Diputaci&oacute;n de Lleida, Joan Re&ntilde;&eacute;, destaca que m&aacute;s all&aacute; de un proyecto tur&iacute;stico o de recuperaci&oacute;n de la memoria hist&oacute;rica, es un homenaje a la solidaridad de numerosas personas an&oacute;nimas que contribuyeron a salvar vidas, familias y culturas.<\/p>\n<p>El proyecto de se&ntilde;alizaci&oacute;n se complementar&aacute; con folletos para hacer promoci&oacute;n, elaboraci&oacute;n de un espacio web y la edici&oacute;n de una gu&iacute;a en papel explicando los acontecimientos hist&oacute;ricos, los itinerarios y los lugares se&ntilde;alizados con informaci&oacute;n complementaria.<\/p>\n<p><a type=\"button_count\" name=\"fb_share\"><\/a><\/p>\n<p><script src=\"http:\/\/static.ak.fbcdn.net\/connect.php\/js\/FB.Share\" type=\"text\/javascript\"><\/script><\/p>\n<p><a class=\"twitter-share-button\" data-lang=\"es\" data-text=\"Se\u00f1alizan en Lleida las rutas de evasi\u00f3n de los jud\u00edos durante nazismo v\u00eda @comunicatur\" data-count=\"horizontal\" href=\"http:\/\/twitter.com\/share\" target=\"_blank\" rel=\"noopener\">Tweet<\/a><\/p>\n<p><script type=\"text\/javascript\" src=\"http:\/\/platform.twitter.com\/widgets.js\"><\/script><\/p>\n<p><a href=\"https:\/\/www.comunicatur.info\">[HOME]<\/a><\/p>\n","protected":false},"excerpt":{"rendered":"<p>&quot;Perseguidos y Salvados&quot; es el nombre de la iniciativa que recupera y pone en valor diferentes escenarios utilizados por los refugiados jud&iacute;os para huir del nazismo y de los campos de exterminio durante la Segunda Guerra Mundial. La Diputaci&oacute;n de Lleida se&ntilde;alizar&aacute; en los Pirineos cuatro itinerarios de evasi&oacute;n de los jud&iacute;os.<\/p>\n","protected":false},"author":1,"featured_media":0,"comment_status":"close","ping_status":"open","sticky":false,"template":"","format":"standard","meta":[],"categories":[19],"tags":[],"_links":{"self":[{"href":"https:\/\/www.comunicatur.info\/es\/wp-json\/wp\/v2\/posts\/4788"}],"collection":[{"href":"https:\/\/www.comunicatur.info\/es\/wp-json\/wp\/v2\/posts"}],"about":[{"href":"https:\/\/www.comunicatur.info\/es\/wp-json\/wp\/v2\/types\/post"}],"author":[{"embeddable":true,"href":"https:\/\/www.comunicatur.info\/es\/wp-json\/wp\/v2\/users\/1"}],"replies":[{"embeddable":true,"href":"https:\/\/www.comunicatur.info\/es\/wp-json\/wp\/v2\/comments?post=4788"}],"version-history":[{"count":0,"href":"https:\/\/www.comunicatur.info\/es\/wp-json\/wp\/v2\/posts\/4788\/revisions"}],"wp:attachment":[{"href":"https:\/\/www.comunicatur.info\/es\/wp-json\/wp\/v2\/media?parent=4788"}],"wp:term":[{"taxonomy":"category","embeddable":true,"href":"https:\/\/www.comunicatur.info\/es\/wp-json\/wp\/v2\/categories?post=4788"},{"taxonomy":"post_tag","embeddable":true,"href":"https:\/\/www.comunicatur.info\/es\/wp-json\/wp\/v2\/tags?post=4788"}],"curies":[{"name":"wp","href":"https:\/\/api.w.org\/{rel}","templated":true}]}}