{"id":4782,"date":"2013-10-03T00:00:00","date_gmt":"2013-10-03T00:00:00","guid":{"rendered":"https:\/\/comunicatur.info\/60-anys-de-turisme-a-calella-2\/"},"modified":"2013-10-03T00:00:00","modified_gmt":"2013-10-03T00:00:00","slug":"60-anys-de-turisme-a-calella-2","status":"publish","type":"post","link":"https:\/\/www.comunicatur.info\/es\/60-anys-de-turisme-a-calella-2\/","title":{"rendered":"60 a\u00f1os de turismo en Calella"},"content":{"rendered":"<p>Calella ha celebrado 60 a\u00f1os como destino tur\u00edstico de vacaciones.<\/p>\n<p><\/p>\n<p>Con motivo de esta conmemoraci\u00f3n, se ha inaugurado la exposici\u00f3n \u201cEl Museo del Turismo, una muestra\u201d en la sala de exposiciones Llu\u00eds Villaret que puede visitarse hasta el 20 de octubre y donde se podr\u00e1 ver una muestra del proyecto museogr\u00e1fico previsto para el futuro Museo del Turismo. Esta muestra podr\u00e1 verse en la sede de la OMT en Madrid.<\/p>\n<p>Tambi\u00e9n se ha creado el v\u00eddeo tur\u00edstico \u201cCalella, momentos de felicidad\u201d, que servir\u00e1 para promocionar la ciudad a trav\u00e9s de ferias, convenciones y las redes sociales.<\/p>\n<p>En el acto de celebraci\u00f3n, Isabel Mallol, presidenta de la Agencia Tur\u00edstica de Calella (ATC) engtreg\u00f3 16 premios a diferentes empresarios y establecimientos vinculados al turismo por  su trayectoria, as\u00ed como dos premios de honor, uno a Publintur y el otro, al centro m\u00e9dico Creu Groga por los 30 a\u00f1os de actividad.<\/p>\n<p><a type=\"button_count\" name=\"fb_share\"><\/a><\/p>\n<p><script src=\"http:\/\/static.ak.fbcdn.net\/connect.php\/js\/FB.Share\" type=\"text\/javascript\"><\/script><\/p>\n<p><a class=\"twitter-share-button\" data-lang=\"es\" data-text=\"60 a\u00f1os de turismo en Calella via @comunicatur\" data-count=\"horizontal\" href=\"http:\/\/twitter.com\/share\" target=\"_blank\" rel=\"noopener\">Tweet<\/a><\/p>\n<p><script type=\"text\/javascript\" src=\"http:\/\/platform.twitter.com\/widgets.js\"><\/script><\/p>\n<p><a href=\"https:\/\/www.comunicatur.info\">[HOME]<\/a><\/p>\n","protected":false},"excerpt":{"rendered":"<p>Calella ha celebrado 60 a\u00f1os como destino tur\u00edstico de vacaciones.<\/p>\n","protected":false},"author":1,"featured_media":0,"comment_status":"close","ping_status":"open","sticky":false,"template":"","format":"standard","meta":[],"categories":[19],"tags":[],"_links":{"self":[{"href":"https:\/\/www.comunicatur.info\/es\/wp-json\/wp\/v2\/posts\/4782"}],"collection":[{"href":"https:\/\/www.comunicatur.info\/es\/wp-json\/wp\/v2\/posts"}],"about":[{"href":"https:\/\/www.comunicatur.info\/es\/wp-json\/wp\/v2\/types\/post"}],"author":[{"embeddable":true,"href":"https:\/\/www.comunicatur.info\/es\/wp-json\/wp\/v2\/users\/1"}],"replies":[{"embeddable":true,"href":"https:\/\/www.comunicatur.info\/es\/wp-json\/wp\/v2\/comments?post=4782"}],"version-history":[{"count":0,"href":"https:\/\/www.comunicatur.info\/es\/wp-json\/wp\/v2\/posts\/4782\/revisions"}],"wp:attachment":[{"href":"https:\/\/www.comunicatur.info\/es\/wp-json\/wp\/v2\/media?parent=4782"}],"wp:term":[{"taxonomy":"category","embeddable":true,"href":"https:\/\/www.comunicatur.info\/es\/wp-json\/wp\/v2\/categories?post=4782"},{"taxonomy":"post_tag","embeddable":true,"href":"https:\/\/www.comunicatur.info\/es\/wp-json\/wp\/v2\/tags?post=4782"}],"curies":[{"name":"wp","href":"https:\/\/api.w.org\/{rel}","templated":true}]}}