{"id":4760,"date":"2013-09-16T00:00:00","date_gmt":"2013-09-16T00:00:00","guid":{"rendered":"https:\/\/comunicatur.info\/400-000-euros-per-garantir-lactivitat-de-lestacio-boi-taull-2\/"},"modified":"2013-09-16T00:00:00","modified_gmt":"2013-09-16T00:00:00","slug":"400-000-euros-per-garantir-lactivitat-de-lestacio-boi-taull-2","status":"publish","type":"post","link":"https:\/\/www.comunicatur.info\/es\/400-000-euros-per-garantir-lactivitat-de-lestacio-boi-taull-2\/","title":{"rendered":"400.000 eur para garantizar la estaci\u00f3n de esqu\u00ed Bo\u00ed Ta\u00fcll"},"content":{"rendered":"<p>La empresa gestora de Bo&iacute; Ta&uuml;ll ha conseguido varios pr&eacute;stamos por valor de 400.000 euros que le permitir&aacute; mantener la actividad de explotaci&oacute;n de la estaci&oacute;n de monta&ntilde;a y esqu&iacute; la temporada 2013-2014.<\/p>\n<p><\/p>\n<p>El pr&eacute;stamo que recibir&aacute; Promociones Tur&iacute;sticas del Valle S.A., viene de manos de la administraci&oacute;n catalana que aprob&oacute; este agosto la inyecci&oacute;n econ&oacute;mica. La Generalitat de Catalu&ntilde;a lo justifica afirmando que la estaci&oacute;n de Bo&iacute; Ta&uuml;l representa uno de los principales motores econ&oacute;micos de la Alta Ribagor&ccedil;a especialmente por lo que respecta a puestos de trabajo tanto directos como indirectos.<\/p>\n<p>Seg&uacute;n c&aacute;lculos de la propia estaci&oacute;n su actividad supone el 75% del PIB anual de la comarca y genera 300 puestos de trabajo directos y m&aacute;s de 400 indirectos.<\/p>\n<p>Durante el verano el complejo hotelero del resort Bo&iacute; Ta&uuml;ll ha cerrado la temporada estival con una ocupaci&oacute;n media del 75%. El resort tuvo que cerrar el pasado verano y ahora ha conseguido 10 puntos m&aacute;s de ocupaci&oacute;n que en 2011, &uacute;ltimo a&ntilde;o estival operativo.<\/p>\n<p>Los clientes de Bo&iacute; Ta&uuml;ll proceden en un 90% del territorio espa&ntilde;ol (65% de Catalunya y 25% del resto de Espa&ntilde;a) y el 10% son extranjeros. La intenci&oacute;n de los gestores es consolidar un cliente familiar<\/p>\n<p><a type=\"button_count\" name=\"fb_share\"><\/a><\/p>\n<p><script src=\"http:\/\/static.ak.fbcdn.net\/connect.php\/js\/FB.Share\" type=\"text\/javascript\"><\/script><\/p>\n<p><a class=\"twitter-share-button\" data-lang=\"es\" data-text=\"400.000 euros para garantizar la actividad de la estaci\u00f3n Bo\u00ed Ta\u00fcll v\u00eda @comunicatur\" data-count=\"horizontal\" href=\"http:\/\/twitter.com\/share\" target=\"_blank\" rel=\"noopener\">Tweet<\/a><\/p>\n<p><script type=\"text\/javascript\" src=\"http:\/\/platform.twitter.com\/widgets.js\"><\/script><\/p>\n<p><a href=\"https:\/\/www.comunicatur.info\">[HOME]<\/a><\/p>\n","protected":false},"excerpt":{"rendered":"<p>La empresa gestora de Bo&iacute; Ta&uuml;ll ha conseguido varios pr&eacute;stamos por valor de 400.000 euros que le permitir&aacute; mantener la actividad de explotaci&oacute;n de la estaci&oacute;n de monta&ntilde;a y esqu&iacute; la temporada 2013-2014.<\/p>\n","protected":false},"author":1,"featured_media":0,"comment_status":"close","ping_status":"open","sticky":false,"template":"","format":"standard","meta":[],"categories":[41],"tags":[],"_links":{"self":[{"href":"https:\/\/www.comunicatur.info\/es\/wp-json\/wp\/v2\/posts\/4760"}],"collection":[{"href":"https:\/\/www.comunicatur.info\/es\/wp-json\/wp\/v2\/posts"}],"about":[{"href":"https:\/\/www.comunicatur.info\/es\/wp-json\/wp\/v2\/types\/post"}],"author":[{"embeddable":true,"href":"https:\/\/www.comunicatur.info\/es\/wp-json\/wp\/v2\/users\/1"}],"replies":[{"embeddable":true,"href":"https:\/\/www.comunicatur.info\/es\/wp-json\/wp\/v2\/comments?post=4760"}],"version-history":[{"count":0,"href":"https:\/\/www.comunicatur.info\/es\/wp-json\/wp\/v2\/posts\/4760\/revisions"}],"wp:attachment":[{"href":"https:\/\/www.comunicatur.info\/es\/wp-json\/wp\/v2\/media?parent=4760"}],"wp:term":[{"taxonomy":"category","embeddable":true,"href":"https:\/\/www.comunicatur.info\/es\/wp-json\/wp\/v2\/categories?post=4760"},{"taxonomy":"post_tag","embeddable":true,"href":"https:\/\/www.comunicatur.info\/es\/wp-json\/wp\/v2\/tags?post=4760"}],"curies":[{"name":"wp","href":"https:\/\/api.w.org\/{rel}","templated":true}]}}