{"id":4743,"date":"2013-09-05T00:00:00","date_gmt":"2013-09-05T00:00:00","guid":{"rendered":"https:\/\/comunicatur.info\/cuinavo-cuina-vallesana-2\/"},"modified":"2013-09-05T00:00:00","modified_gmt":"2013-09-05T00:00:00","slug":"cuinavo-cuina-vallesana-2","status":"publish","type":"post","link":"https:\/\/www.comunicatur.info\/es\/cuinavo-cuina-vallesana-2\/","title":{"rendered":"CuinaVO, cocina vallesana"},"content":{"rendered":"<p>El Vall\u00e8s Oriental ya tiene su colectivo de cocineros y restaurantes que nace \u201cpara reivindicar sabores y gustos que se est\u00e1n recuperando gracias a los payeses de la comarca y mostrar el estrecho v\u00ednculo entre cocina y territorio\u201d.<\/p>\n<p><\/p>\n<p>La primera actuaci\u00f3n conjunta del colectivo CuinaVO son las Jornadas Gastron\u00f3micas del Tomate del Vall\u00e8s, que hasta el 15 de septiembre lleva a las mesas de los restaurantes men\u00fas y platos elaborados con variedades locales de este fruto.<\/p>\n<p>CuinaVO, nacido este verano, est\u00e1 formado por 13 cocineros que quieren acercar los productos locales y de calidad de la comarca al p\u00fablico, a trav\u00e9s de acciones gastron\u00f3micas. Los restaurantes que lo forman son: Mirko Carturan, Robert de Nola, Can Candelich, Can Cuch, la Rectoria de Palou, El Pla, Can Major, El Jard\u00ed, El Cruce, La Mama, El Bellver, El Foll\u00f3 y El Saul\u00f3. La voluntad es la de aglutinar el m\u00e1ximo de restaurantes de la comarca y crear un puente de colaboraci\u00f3n con los productores de calidad de la zona.<\/p>\n<p>El proyecto CuinaVO est\u00e1 impulsado por el Consejo Comarcal del Vall\u00e8s Oriental, tiene el apoyo de la Red Productos de la Tierra de la Diputaci\u00f3n de Barcelona, la implicaci\u00f3n directa del Gremio de Hosteler\u00eda del Vall\u00e8s Oriental, del Conv\u00edvium de Slow Food del Vall\u00e8s Oriental y de la asociaci\u00f3n Llavors Orientals.<\/p>\n<p><a type=\"button_count\" name=\"fb_share\"><\/a><\/p>\n<p><script src=\"http:\/\/static.ak.fbcdn.net\/connect.php\/js\/FB.Share\" type=\"text\/javascript\"><\/script><\/p>\n<p><a class=\"twitter-share-button\" data-lang=\"es\" data-text=\"CuinaVO, cocina vallesana via @comunicatur\" data-count=\"horizontal\" href=\"http:\/\/twitter.com\/share\" target=\"_blank\" rel=\"noopener\">Tweet<\/a><\/p>\n<p><script type=\"text\/javascript\" src=\"http:\/\/platform.twitter.com\/widgets.js\"><\/script><\/p>\n<p><a href=\"https:\/\/www.comunicatur.info\">[HOME]<\/a><\/p>\n","protected":false},"excerpt":{"rendered":"<p>El Vall\u00e8s Oriental ya tiene su colectivo de cocineros y restaurantes que nace \u201cpara reivindicar sabores y gustos que se est\u00e1n recuperando gracias a los payeses de la comarca y mostrar el estrecho v\u00ednculo entre cocina y territorio\u201d.<\/p>\n","protected":false},"author":1,"featured_media":0,"comment_status":"close","ping_status":"open","sticky":false,"template":"","format":"standard","meta":[],"categories":[19],"tags":[],"_links":{"self":[{"href":"https:\/\/www.comunicatur.info\/es\/wp-json\/wp\/v2\/posts\/4743"}],"collection":[{"href":"https:\/\/www.comunicatur.info\/es\/wp-json\/wp\/v2\/posts"}],"about":[{"href":"https:\/\/www.comunicatur.info\/es\/wp-json\/wp\/v2\/types\/post"}],"author":[{"embeddable":true,"href":"https:\/\/www.comunicatur.info\/es\/wp-json\/wp\/v2\/users\/1"}],"replies":[{"embeddable":true,"href":"https:\/\/www.comunicatur.info\/es\/wp-json\/wp\/v2\/comments?post=4743"}],"version-history":[{"count":0,"href":"https:\/\/www.comunicatur.info\/es\/wp-json\/wp\/v2\/posts\/4743\/revisions"}],"wp:attachment":[{"href":"https:\/\/www.comunicatur.info\/es\/wp-json\/wp\/v2\/media?parent=4743"}],"wp:term":[{"taxonomy":"category","embeddable":true,"href":"https:\/\/www.comunicatur.info\/es\/wp-json\/wp\/v2\/categories?post=4743"},{"taxonomy":"post_tag","embeddable":true,"href":"https:\/\/www.comunicatur.info\/es\/wp-json\/wp\/v2\/tags?post=4743"}],"curies":[{"name":"wp","href":"https:\/\/api.w.org\/{rel}","templated":true}]}}