{"id":4715,"date":"2013-08-05T00:00:00","date_gmt":"2013-08-05T00:00:00","guid":{"rendered":"https:\/\/comunicatur.info\/preocupacio-a-viajes-el-corte-ingles-2\/"},"modified":"2013-08-05T00:00:00","modified_gmt":"2013-08-05T00:00:00","slug":"preocupacio-a-viajes-el-corte-ingles-2","status":"publish","type":"post","link":"https:\/\/www.comunicatur.info\/es\/preocupacio-a-viajes-el-corte-ingles-2\/","title":{"rendered":"Preocupaci\u00f3n en Viajes El Corte Ingl\u00e9s"},"content":{"rendered":"<p>Desde hace un tiempo los trabajadores de Viajes El Corte Ingl&eacute;s (VECI) siguen con preocupaci&oacute;n las andanzas del grupo y de la propia organizaci&oacute;n de viajes. Desde que se supo que el grupo El Corte Ingl&eacute;s ten&iacute;a una deuda de 5.000 millones de euros, que se pretend&iacute;a refinanciar, la alarma empez&oacute; a sonar en la red de agencias del grupo.<\/p>\n<p><\/p>\n<p>Y es que a pesar de que VECI obtiene beneficios (casi 54 millones de euros en 2011) y su aportaci&oacute;n a la facturaci&oacute;n del grupo alcanza el 15% del total, por delante de divisiones como Hipercor, los ajustes ya les ha tocado de cerca. En noviembre, VECI present&oacute; un Expediente de Regulaci&oacute;n de Empleo (ERTE), consensuado con el Sindicato Profesional de Viajes, que supuso reducciones de jornada y salario de entre el 13 y el 20% durante 12 meses.<\/p>\n<p>Quiz&aacute; por el aumento de la demanda de viajes en el periodo veraniego, a principios de julio se suspendi&oacute; por dos meses el ERE temporal (junio y julio para el &aacute;rea de vacacional y octubre y noviembre para el &aacute;rea de business).<\/p>\n<p>Los siguientes pasos del grupo han tenido lugar recientemente: la venta de la participaci&oacute;n del 1&rsquo;8% que ten&iacute;a en IAG (International Airlines Group), el holding que agrupa a British Airways, Iberia y Vueling, que le ha supuesto unas plusval&iacute;as de 20 millones de euros y la venta del emblem&aacute;tico edificio de la plaza de Catalunya con La Rambla, en Barcelona. El antiguo edificio del Banco Central, donde se ubica la tienda Mark&amp;Spencer, se ha vendido por 100 millones de euros a un grupo inversor multinacional, pero El Corte Ingl&eacute;s seguir&aacute; ocupando el edificio en r&eacute;gimen de alquiler.<\/p>\n<p>No se descarta que se vendan otros edificios para ayudar as&iacute; a refinanciar la deuda del grupo. Ya en el mes de mayo, El Corte Ingl&eacute;s record&oacute; que no estaba preocupado por la deuda, ya que su cartera de activos inmobiliarios, situados principalmente en lugares &ldquo;irrepetibles&rdquo; de grandes ciudades, se cifraba en 18.000 millones de euros.<\/p>\n<p>Mientras tanto, Viajes El Corte Ingl&eacute;s sigue su expansi&oacute;n internacional. Acaba de abrir su primera sucursal en Ecuador, con una agencia de viajes en el centro de Quito. Con ella est&aacute; ya presente en 15 pa&iacute;ses, la mayor&iacute;a de los cuales se encuentran en Am&eacute;rica. La deuda del grupo se conjuga mal con la apertura de nuevas agencias de viajes y &eacute;stas chirr&iacute;an de lo lindo con el ERTE de los trabajadores. La preocupaci&oacute;n de los agentes de viajes del grupo va en aumento y su futuro se presenta incierto. Pasado el verano se decidir&aacute; si el ERTE se mantendr&aacute; durante el a&ntilde;o 2014.<\/p>\n<p><a type=\"button_count\" name=\"fb_share\"><\/a><\/p>\n<p><script src=\"http:\/\/static.ak.fbcdn.net\/connect.php\/js\/FB.Share\" type=\"text\/javascript\"><\/script> <\/p>\n<p><a class=\"twitter-share-button\" data-lang=\"es\" data-text=\"Preocupaci\u00f3n en Viajes El Corte Ingl\u00e9s v\u00eda @comunicatur\" data-count=\"horizontal\" href=\"http:\/\/twitter.com\/share\" target=\"_blank\" rel=\"noopener\">Tweet<\/a><\/p>\n<p><script type=\"text\/javascript\" src=\"http:\/\/platform.twitter.com\/widgets.js\"><\/script> <\/p>\n<p><a href=\"https:\/\/www.comunicatur.info\">[HOME]<\/a><\/p>\n","protected":false},"excerpt":{"rendered":"<p>Desde hace un tiempo los trabajadores de Viajes El Corte Ingl&eacute;s (VECI) siguen con preocupaci&oacute;n las andanzas del grupo y de la propia organizaci&oacute;n de viajes. Desde que se supo que el grupo El Corte Ingl&eacute;s ten&iacute;a una deuda de 5.000 millones de euros, que se pretend&iacute;a refinanciar, la alarma empez&oacute; a sonar en la red de agencias del grupo.<\/p>\n","protected":false},"author":1,"featured_media":0,"comment_status":"close","ping_status":"open","sticky":false,"template":"","format":"standard","meta":[],"categories":[41],"tags":[],"_links":{"self":[{"href":"https:\/\/www.comunicatur.info\/es\/wp-json\/wp\/v2\/posts\/4715"}],"collection":[{"href":"https:\/\/www.comunicatur.info\/es\/wp-json\/wp\/v2\/posts"}],"about":[{"href":"https:\/\/www.comunicatur.info\/es\/wp-json\/wp\/v2\/types\/post"}],"author":[{"embeddable":true,"href":"https:\/\/www.comunicatur.info\/es\/wp-json\/wp\/v2\/users\/1"}],"replies":[{"embeddable":true,"href":"https:\/\/www.comunicatur.info\/es\/wp-json\/wp\/v2\/comments?post=4715"}],"version-history":[{"count":0,"href":"https:\/\/www.comunicatur.info\/es\/wp-json\/wp\/v2\/posts\/4715\/revisions"}],"wp:attachment":[{"href":"https:\/\/www.comunicatur.info\/es\/wp-json\/wp\/v2\/media?parent=4715"}],"wp:term":[{"taxonomy":"category","embeddable":true,"href":"https:\/\/www.comunicatur.info\/es\/wp-json\/wp\/v2\/categories?post=4715"},{"taxonomy":"post_tag","embeddable":true,"href":"https:\/\/www.comunicatur.info\/es\/wp-json\/wp\/v2\/tags?post=4715"}],"curies":[{"name":"wp","href":"https:\/\/api.w.org\/{rel}","templated":true}]}}