{"id":4709,"date":"2013-07-26T00:00:00","date_gmt":"2013-07-26T00:00:00","guid":{"rendered":"https:\/\/comunicatur.info\/el-turisme-arriba-aquest-estiu-a-tv3-2\/"},"modified":"2013-07-26T00:00:00","modified_gmt":"2013-07-26T00:00:00","slug":"el-turisme-arriba-aquest-estiu-a-tv3-2","status":"publish","type":"post","link":"https:\/\/www.comunicatur.info\/es\/el-turisme-arriba-aquest-estiu-a-tv3-2\/","title":{"rendered":"El turismo llega este verano a TV3"},"content":{"rendered":"<p>El turismo familiar y los campings protagonizan dos series de programas de televisi\u00f3n en la televisi\u00f3n auton\u00f3mica catalana,TV3, en horarios de m\u00e1xima audiencia: \u201cUn d\u00eda perfecto en familia por Catalu\u00f1a\u201d y \u201cD\u00edas de camping\u00bb.<\/p>\n<p><\/p>\n<p>La Agencia Catalana de Turismo ha impulsado la creaci\u00f3n de m\u00e1s de 40 cap\u00edtulos con propuestas por todo el territorio pensadas para familias con ni\u00f1os activas y con ganas de salir y vivir experiencias nuevas.Cada d\u00eda,justo antes del TN Migdia, una familia real propone su \u201cd\u00eda perfecto\u201d a trav\u00e9s de rutas, visitas y todo tipo de actividades en diferentes lugares de Catalu\u00f1a.<\/p>\n<p>En el caso de \u201cD\u00edas de camping\u201d, se emite los domingos de los meses de julio y agosto antes del TN Vespre. Se trata de media hora dedicada a mostrar al telespectador c\u00f3mo es el mundo del camping a trav\u00e9s de entrevistas a campistas que explican su experiencia.<\/p>\n<p>El objetivo es difundir la calidad de los servicios y las instalaciones de los campings de Catalu\u00f1a y captar nuevos campistas entre el p\u00fablico catal\u00e1n. En este caso, se trata de una iniciativa del portal campingsOnLine.com.<\/p>\n<p><a type=\"button_count\" name=\"fb_share\"><\/a><\/p>\n<p><script src=\"http:\/\/static.ak.fbcdn.net\/connect.php\/js\/FB.Share\" type=\"text\/javascript\"><\/script><\/p>\n<p><a class=\"twitter-share-button\" data-lang=\"es\" data-text=\"El turismo llega este verano a TV3 via @comunicatur\" data-count=\"horizontal\" href=\"http:\/\/twitter.com\/share\" target=\"_blank\" rel=\"noopener\">Tweet<\/a><\/p>\n<p><script type=\"text\/javascript\" src=\"http:\/\/platform.twitter.com\/widgets.js\"><\/script><\/p>\n<p><a href=\"https:\/\/www.comunicatur.info\">[HOME]<\/a><\/p>\n","protected":false},"excerpt":{"rendered":"<p>El turismo familiar y los campings protagonizan dos series de programas de televisi\u00f3n en la televisi\u00f3n auton\u00f3mica catalana,TV3, en horarios de m\u00e1xima audiencia: \u201cUn d\u00eda perfecto en familia por Catalu\u00f1a\u201d y \u201cD\u00edas de camping\u00bb.<\/p>\n","protected":false},"author":1,"featured_media":0,"comment_status":"close","ping_status":"open","sticky":false,"template":"","format":"standard","meta":[],"categories":[19],"tags":[],"_links":{"self":[{"href":"https:\/\/www.comunicatur.info\/es\/wp-json\/wp\/v2\/posts\/4709"}],"collection":[{"href":"https:\/\/www.comunicatur.info\/es\/wp-json\/wp\/v2\/posts"}],"about":[{"href":"https:\/\/www.comunicatur.info\/es\/wp-json\/wp\/v2\/types\/post"}],"author":[{"embeddable":true,"href":"https:\/\/www.comunicatur.info\/es\/wp-json\/wp\/v2\/users\/1"}],"replies":[{"embeddable":true,"href":"https:\/\/www.comunicatur.info\/es\/wp-json\/wp\/v2\/comments?post=4709"}],"version-history":[{"count":0,"href":"https:\/\/www.comunicatur.info\/es\/wp-json\/wp\/v2\/posts\/4709\/revisions"}],"wp:attachment":[{"href":"https:\/\/www.comunicatur.info\/es\/wp-json\/wp\/v2\/media?parent=4709"}],"wp:term":[{"taxonomy":"category","embeddable":true,"href":"https:\/\/www.comunicatur.info\/es\/wp-json\/wp\/v2\/categories?post=4709"},{"taxonomy":"post_tag","embeddable":true,"href":"https:\/\/www.comunicatur.info\/es\/wp-json\/wp\/v2\/tags?post=4709"}],"curies":[{"name":"wp","href":"https:\/\/api.w.org\/{rel}","templated":true}]}}