{"id":4652,"date":"2013-07-04T00:00:00","date_gmt":"2013-07-04T00:00:00","guid":{"rendered":"https:\/\/comunicatur.info\/una-linia-de-financament-per-al-sector-turistic-afectat-per-les-riuades-2\/"},"modified":"2013-07-04T00:00:00","modified_gmt":"2013-07-04T00:00:00","slug":"una-linia-de-financament-per-al-sector-turistic-afectat-per-les-riuades-2","status":"publish","type":"post","link":"https:\/\/www.comunicatur.info\/es\/una-linia-de-financament-per-al-sector-turistic-afectat-per-les-riuades-2\/","title":{"rendered":"Cr\u00e9dito para el sector afectado por las inundaciones"},"content":{"rendered":"<p>El Instituto Catal&aacute;n de Finanzas (ICF) ha abierto una l&iacute;nea de cr&eacute;dito de apoyo a las empresas tur&iacute;sticas que hayan sufrido da&ntilde;os en las &uacute;ltimas lluvias que afectaron a los Pirineos y muy especialmente el Valle de Ar&aacute;n. Destinan 5 millones de euros a trav&eacute;s de pr&eacute;stamos a 5 a&ntilde;os con 18 meses de carencia incluidos.<\/p>\n<p><\/p>\n<p>Los pr&eacute;stamos pueden oscilar entre 30.000 y 300.000 euros y los beneficiarios pueden ser empresas y personas f&iacute;sicas del sector tur&iacute;stico afectadas por las trombas de agua. Las solicitudes se pueden tramitar en <a href=\"http:\/\/www.icf.cat\" target=\"_blank\" rel=\"noopener\">www.icf.cat<\/a><\/p>\n<p>El sector tur&iacute;stico del Valle de Ar&aacute;n hab&iacute;a pedido que se suspendiera en aquel territorio la tasa tur&iacute;stica como medida de apoyo. El consejero de Empresa y empleo, Felip Puig, lo ha descartado pero ha anunciado que la totalidad de la recaudaci&oacute;n lo revertir&aacute; en inversi&oacute;n de promoci&oacute;n y de infraestructuras.<\/p>\n<p>El objetivo del sector tur&iacute;stico es poder trabajar con normalidad este verano. Calculan que el 90% de las instalaciones tur&iacute;sticas est&aacute;n en perfecto estado. Por esto no quieren trasladar un mensaje de zona catastr&oacute;fica o afectada de manera desmesurada que desincentive las visitas.<\/p>\n<p>Las primeras estimaciones de a&ntilde;os a particulares realizada por el Consorcio de Compensaci&oacute;n de Seguros podr&iacute;an llegar a los 20 millones de euros. En paralelo el Consejo General de Aran y la Generalitat han abierto una ventanilla &uacute;nica para recoger las reclamaciones de empresas y particulares que han sufrido las inundaciones.<\/p>\n<p><a type=\"button_count\" name=\"fb_share\"><\/a><\/p>\n<p><script src=\"http:\/\/static.ak.fbcdn.net\/connect.php\/js\/FB.Share\" type=\"text\/javascript\"><\/script><\/p>\n<p><a class=\"twitter-share-button\" data-lang=\"es\" data-text=\"Una l\u00ednea de financiaci\u00f3n para el sector tur\u00edstico afectado por las riadas v\u00eda @comunicatur\" data-count=\"horizontal\" href=\"http:\/\/twitter.com\/share\" target=\"_blank\" rel=\"noopener\">Tweet<\/a><\/p>\n<p><script type=\"text\/javascript\" src=\"http:\/\/platform.twitter.com\/widgets.js\"><\/script><\/p>\n<p><a href=\"https:\/\/www.comunicatur.info\">[HOME]<\/a><\/p>\n","protected":false},"excerpt":{"rendered":"<p>El Instituto Catal&aacute;n de Finanzas (ICF) ha abierto una l&iacute;nea de cr&eacute;dito de apoyo a las empresas tur&iacute;sticas que hayan sufrido da&ntilde;os en las &uacute;ltimas lluvias que afectaron a los Pirineos y muy especialmente el Valle de Ar&aacute;n. Destinan 5 millones de euros a trav&eacute;s de pr&eacute;stamos a 5 a&ntilde;os con 18 meses de carencia incluidos.<\/p>\n","protected":false},"author":1,"featured_media":0,"comment_status":"close","ping_status":"open","sticky":false,"template":"","format":"standard","meta":[],"categories":[18],"tags":[],"_links":{"self":[{"href":"https:\/\/www.comunicatur.info\/es\/wp-json\/wp\/v2\/posts\/4652"}],"collection":[{"href":"https:\/\/www.comunicatur.info\/es\/wp-json\/wp\/v2\/posts"}],"about":[{"href":"https:\/\/www.comunicatur.info\/es\/wp-json\/wp\/v2\/types\/post"}],"author":[{"embeddable":true,"href":"https:\/\/www.comunicatur.info\/es\/wp-json\/wp\/v2\/users\/1"}],"replies":[{"embeddable":true,"href":"https:\/\/www.comunicatur.info\/es\/wp-json\/wp\/v2\/comments?post=4652"}],"version-history":[{"count":0,"href":"https:\/\/www.comunicatur.info\/es\/wp-json\/wp\/v2\/posts\/4652\/revisions"}],"wp:attachment":[{"href":"https:\/\/www.comunicatur.info\/es\/wp-json\/wp\/v2\/media?parent=4652"}],"wp:term":[{"taxonomy":"category","embeddable":true,"href":"https:\/\/www.comunicatur.info\/es\/wp-json\/wp\/v2\/categories?post=4652"},{"taxonomy":"post_tag","embeddable":true,"href":"https:\/\/www.comunicatur.info\/es\/wp-json\/wp\/v2\/tags?post=4652"}],"curies":[{"name":"wp","href":"https:\/\/api.w.org\/{rel}","templated":true}]}}