{"id":4638,"date":"2013-06-26T00:00:00","date_gmt":"2013-06-26T00:00:00","guid":{"rendered":"https:\/\/comunicatur.info\/la-campanya-de-publicitat-destiu-de-catalunya-triplica-el-seu-pressupost-2\/"},"modified":"2013-06-26T00:00:00","modified_gmt":"2013-06-26T00:00:00","slug":"la-campanya-de-publicitat-destiu-de-catalunya-triplica-el-seu-pressupost-2","status":"publish","type":"post","link":"https:\/\/www.comunicatur.info\/es\/la-campanya-de-publicitat-destiu-de-catalunya-triplica-el-seu-pressupost-2\/","title":{"rendered":"La campa\u00f1a de promoci\u00f3n de Catalu\u00f1a triplica presupuesto"},"content":{"rendered":"<p>La primera recaudaci&oacute;n de la tasa tur&iacute;stica se destinar&aacute; a la campa&ntilde;a publicitaria de promoci&oacute;n tur&iacute;stica de Catalu&ntilde;a para este verano. Contar&aacute; con un presupuesto de 2,5 millones de euros, el triple que la de hace un a&ntilde;o.<\/p>\n<p><\/p>\n<p>Desde la Generalitat de Catalunya explican que el verano de 2011, la situaci&oacute;n financiera no permiti&oacute; destinar presupuesto a la campa&ntilde;a de publicidad y el a&ntilde;o pasado invirtieron unos 800.000 euros. Los pocos recursos les forzaron a realizar &ldquo;una campa&ntilde;a que priorizaba la originalidad y la creatividad para compensar la carencia de recursos econ&oacute;micos disponibles en aquel momento&rdquo;, declaran.<\/p>\n<p>El consejero de Turismo de Catalu&ntilde;a, Felip Puig, ha informado que &ldquo;este a&ntilde;o, teniendo en cuenta el momento econ&oacute;mico actual y el papel capital que est&aacute; jugando nuestro sector tur&iacute;stico es del todo necesario llevar a cabo una fuerte campa&ntilde;a para apoyar la comercializaci&oacute;n de la oferta tur&iacute;stica de Catalu&ntilde;a. Gracias a los recursos generados por el impuesto tur&iacute;stico, este verano ser&aacute; posible&rdquo;.<\/p>\n<p>Bajo el eslogan &ldquo;<a href=\"http:\/\/megustacompartir.catalunya.com\/\" target=\"_blank\" rel=\"noopener\"><em>Catalu&ntilde;a. Me gusta Compartir<\/em><\/a>&rdquo; y durante los meses de junio y julio, la nueva campa&ntilde;a reforzar&aacute; los mercados de proximidad franc&eacute;s y espa&ntilde;ol y, a escala internacional, el europeo, con una incidencia especial en el Reino Unido, Alemania e Italia. Los anuncios, en sus diferentes formatos de televisi&oacute;n, radio, prensa, publicidad exterior y presencia on line, difundir&aacute;n los atractivos tur&iacute;sticos tanto de la costa como del interior de Catalu&ntilde;a. Tendr&aacute; un papel destacado el turismo familiar.<\/p>\n<p>La canci&oacute;n &ldquo;<a href=\"http:\/\/www.youtube.com\/watch?v=J-vbEUYiegc\" target=\"_blank\" rel=\"noopener\"><em>Te espero en Catalu&ntilde;a<\/em><\/a>&rdquo;, compuesta por Marc Parrot e interpretada por la cantante Beth, es la banda sonora de la promoci&oacute;n tur&iacute;stica catalana. En la estrategia de Catalu&ntilde;a de potenciaci&oacute;n de la promoci&oacute;n online, la campa&ntilde;a tendr&aacute; un impacto importante en Internet, especialmente con acciones en el entorno 2.0 y redes sociales. Catalu&ntilde;a tambi&eacute;n estar&aacute; presente en los principales portales de ocio y viajes.<em>\/Noticia del colaborador<\/em><\/p>\n<p><a name=\"fb_share\" type=\"button_count\"><\/a><\/p>\n<p><script src=\"http:\/\/static.ak.fbcdn.net\/connect.php\/js\/FB.Share\" type=\"text\/javascript\"><\/script><\/p>\n<p><a href=\"http:\/\/twitter.com\/share\" data-count=\"horizontal\" data-text=\"La campa&ntilde;a de publicidad de verano de Catalu&ntilde;a triplica su presupuesto v&iacute;a @comunicatur\" data-lang=\"es\" class=\"twitter-share-button\" target=\"_blank\" rel=\"noopener\">Tweet<\/a><\/p>\n<p><script type=\"text\/javascript\" src=\"http:\/\/platform.twitter.com\/widgets.js\"><\/script><\/p>\n<p><a href=\"https:\/\/www.comunicatur.info\">[HOME]<\/a><\/p>\n","protected":false},"excerpt":{"rendered":"<p>La primera recaudaci&oacute;n de la tasa tur&iacute;stica se destinar&aacute; a la campa&ntilde;a publicitaria de promoci&oacute;n tur&iacute;stica de Catalu&ntilde;a para este verano. Contar&aacute; con un presupuesto de 2,5 millones de euros, el triple que la de hace un a&ntilde;o.<\/p>\n","protected":false},"author":1,"featured_media":0,"comment_status":"close","ping_status":"open","sticky":false,"template":"","format":"standard","meta":[],"categories":[18],"tags":[],"_links":{"self":[{"href":"https:\/\/www.comunicatur.info\/es\/wp-json\/wp\/v2\/posts\/4638"}],"collection":[{"href":"https:\/\/www.comunicatur.info\/es\/wp-json\/wp\/v2\/posts"}],"about":[{"href":"https:\/\/www.comunicatur.info\/es\/wp-json\/wp\/v2\/types\/post"}],"author":[{"embeddable":true,"href":"https:\/\/www.comunicatur.info\/es\/wp-json\/wp\/v2\/users\/1"}],"replies":[{"embeddable":true,"href":"https:\/\/www.comunicatur.info\/es\/wp-json\/wp\/v2\/comments?post=4638"}],"version-history":[{"count":0,"href":"https:\/\/www.comunicatur.info\/es\/wp-json\/wp\/v2\/posts\/4638\/revisions"}],"wp:attachment":[{"href":"https:\/\/www.comunicatur.info\/es\/wp-json\/wp\/v2\/media?parent=4638"}],"wp:term":[{"taxonomy":"category","embeddable":true,"href":"https:\/\/www.comunicatur.info\/es\/wp-json\/wp\/v2\/categories?post=4638"},{"taxonomy":"post_tag","embeddable":true,"href":"https:\/\/www.comunicatur.info\/es\/wp-json\/wp\/v2\/tags?post=4638"}],"curies":[{"name":"wp","href":"https:\/\/api.w.org\/{rel}","templated":true}]}}