{"id":4627,"date":"2013-06-19T00:00:00","date_gmt":"2013-06-19T00:00:00","guid":{"rendered":"https:\/\/comunicatur.info\/calonge-i-vies-verdes-de-girona-candidata-als-premis-eden-2013-2\/"},"modified":"2013-06-19T00:00:00","modified_gmt":"2013-06-19T00:00:00","slug":"calonge-i-vies-verdes-de-girona-candidata-als-premis-eden-2013-2","status":"publish","type":"post","link":"https:\/\/www.comunicatur.info\/es\/calonge-i-vies-verdes-de-girona-candidata-als-premis-eden-2013-2\/","title":{"rendered":"Calonge-Vies Verdes de Girona, candidata a los Premios EDEN"},"content":{"rendered":"<p>Es la candidatura catalana a la sexta edici\u00f3n de los Premios Europeos de Excelencia Tur\u00edstica (EDEN), que otorga la Uni\u00f3n Europea y que este a\u00f1o reconoce destinos de turismo accesible.<\/p>\n<p><\/p>\n<p>En concreto, se trata de proyectos centrados en equipamientos e instalaciones sin barreras, en transporte adaptado a todos los usuarios, en servicios y actividades de calidad con personal formado y con un sistema de reservas y webs accesibles a todo el mundo, entre otras.<\/p>\n<p>Calonge &#8211; Vies Verdes se presenta como un proyecto de destino de litoral totalmente renovado enlazado a los destinos emergentes del interior mediante una red de v\u00edas verdes. Se trata, seg\u00fan sus impulsores, \u201cde una candidatura innovadora, que representa un modelo tur\u00edstico \u00e9tico, responsable y sostenible en el cual participan tanto administraciones p\u00fablicas como empresas del sector privado\u201d.<\/p>\n<p>Calonge &#8211; Vies Verdes ofrece la posibilidad de acceder a todos los servicios y productos tur\u00edsticos (sol y playa, senderismo, cicloturismo, cultura, naturaleza, enoturismo, entre otros) a todas las personas, tengan o no una afectaci\u00f3n f\u00edsica, ps\u00edquica o sensorial, permanente o temporal.<\/p>\n<p>En los \u00faltimos a\u00f1os, Calonge tambi\u00e9n ha desarrollado el proyecto \u201cLa playa al alcance de todos\u201d en Torre Valentina, que el verano pasado dio servicio a m\u00e1s de 1.300 personas con discapacidad.<\/p>\n<p>Por su parte, la infraestructura de Vies Verdes son pistas anchas con desnivel m\u00ednimo, con servicio de alquiler y de \u201ctransfer\u201d de bicicletas adaptadas y centros de atenci\u00f3n al usuario.<\/p>\n<p>Calonge-Vies Verdes deber\u00e1 competir con candidaturas de otras comunidades aut\u00f3nomas que tambi\u00e9n aspiran a conseguir este premio europeo en el que participan una veintena de pa\u00edses y que se resolver\u00e1 durante el segundo semestre del a\u00f1o.<\/p>\n<p>Proyecto europeo EDEN<\/p>\n<p>En 2009, el Parque Natural del Delta del Ebro, acreditado con la Carta Europea de Turismo Sostenible, gan\u00f3 la tercera edici\u00f3n de estos premios.<\/p>\n<p>Algunos de los requisitos que deben demostrar los candidatos son el car\u00e1cter emergente del destino; su sostenibilidad social, cultural y ambiental; la implicaci\u00f3n en el proyecto de entidades p\u00fablicas y privadas y de la poblaci\u00f3n local; la existencia de una estrategia tur\u00edstica local que contribuya a la promoci\u00f3n y puesta en valor del patrimonio y favorezca el crecimiento de la econom\u00eda del territorio, y su capacidad de atracci\u00f3n de nuevas tipolog\u00edas de clientes, entre ellos, turistas con discapacidad y o\/movilidad reducida.<\/p>\n<p><a type=\"button_count\" name=\"fb_share\"><\/a><\/p>\n<p><script src=\"http:\/\/static.ak.fbcdn.net\/connect.php\/js\/FB.Share\" type=\"text\/javascript\"><\/script><\/p>\n<p><a class=\"twitter-share-button\" data-lang=\"es\" data-text=\"Calonge-Vies Verdes de Girona, candidata a los Premios EDEN via @comunicatur\" data-count=\"horizontal\" href=\"http:\/\/twitter.com\/share\" target=\"_blank\" rel=\"noopener\">Tweet<\/a><\/p>\n<p><script type=\"text\/javascript\" src=\"http:\/\/platform.twitter.com\/widgets.js\"><\/script><\/p>\n<p><a href=\"https:\/\/www.comunicatur.info\">[HOME]<\/a><\/p>\n","protected":false},"excerpt":{"rendered":"<p>Es la candidatura catalana a la sexta edici\u00f3n de los Premios Europeos de Excelencia Tur\u00edstica (EDEN), que otorga la Uni\u00f3n Europea y que este a\u00f1o reconoce destinos de turismo accesible.<\/p>\n","protected":false},"author":1,"featured_media":0,"comment_status":"close","ping_status":"open","sticky":false,"template":"","format":"standard","meta":[],"categories":[19],"tags":[],"_links":{"self":[{"href":"https:\/\/www.comunicatur.info\/es\/wp-json\/wp\/v2\/posts\/4627"}],"collection":[{"href":"https:\/\/www.comunicatur.info\/es\/wp-json\/wp\/v2\/posts"}],"about":[{"href":"https:\/\/www.comunicatur.info\/es\/wp-json\/wp\/v2\/types\/post"}],"author":[{"embeddable":true,"href":"https:\/\/www.comunicatur.info\/es\/wp-json\/wp\/v2\/users\/1"}],"replies":[{"embeddable":true,"href":"https:\/\/www.comunicatur.info\/es\/wp-json\/wp\/v2\/comments?post=4627"}],"version-history":[{"count":0,"href":"https:\/\/www.comunicatur.info\/es\/wp-json\/wp\/v2\/posts\/4627\/revisions"}],"wp:attachment":[{"href":"https:\/\/www.comunicatur.info\/es\/wp-json\/wp\/v2\/media?parent=4627"}],"wp:term":[{"taxonomy":"category","embeddable":true,"href":"https:\/\/www.comunicatur.info\/es\/wp-json\/wp\/v2\/categories?post=4627"},{"taxonomy":"post_tag","embeddable":true,"href":"https:\/\/www.comunicatur.info\/es\/wp-json\/wp\/v2\/tags?post=4627"}],"curies":[{"name":"wp","href":"https:\/\/api.w.org\/{rel}","templated":true}]}}