{"id":4581,"date":"2013-06-04T00:00:00","date_gmt":"2013-06-04T00:00:00","guid":{"rendered":"https:\/\/comunicatur.info\/mes-de-100-banderes-blaves-a-catalunya-2\/"},"modified":"2013-06-04T00:00:00","modified_gmt":"2013-06-04T00:00:00","slug":"mes-de-100-banderes-blaves-a-catalunya-2","status":"publish","type":"post","link":"https:\/\/www.comunicatur.info\/es\/mes-de-100-banderes-blaves-a-catalunya-2\/","title":{"rendered":"M\u00e1s de 100 Banderas Azules en Catalu\u00f1a"},"content":{"rendered":"<p>Este verano, 90 playas y 24 puertos catalanes obtienen la Bandera Azul.<\/p>\n<p><\/p>\n<p>Catalu&ntilde;a incrementa en 3 el n&uacute;mero de playas galardonadas respecto al verano pasado y se mantiene en 24 el n&uacute;mero de puertos con este distintivo.<\/p>\n<p>Este distintivo internacional, valora y premia la gesti&oacute;n ambiental y la seguridad, la informaci&oacute;n y la educaci&oacute;n ambiental, los servicios y las instalaciones, y al mismo tiempo exige para las playas una calidad del agua excelente.<\/p>\n<p>Durante el verano de 2012, cerca del 98% de las playas catalanas obtuvieron la calificaci&oacute;n de excelente, seg&uacute;n datos de la Agencia Catalana del Agua, requisito indispensable para que los ayuntamientos costeros puedan aspirar a la candidatura de Bandera Azul para sus playas.<\/p>\n<p>Respecto a los puertos, Catalu&ntilde;a tiene el 24% de puertos galardonados de Espa&ntilde;a y se sit&uacute;a al frente de las comunidades aut&oacute;nomas.<\/p>\n<p><a type=\"button_count\" name=\"fb_share\"><\/a><\/p>\n<p><script src=\"http:\/\/static.ak.fbcdn.net\/connect.php\/js\/FB.Share\" type=\"text\/javascript\"><\/script> <\/p>\n<p><a class=\"twitter-share-button\" data-lang=\"es\" data-text=\" M\u00e1s de 100 Banderas Azules en Catalu\u00f1a v\u00eda @comunicatur\" data-count=\"horizontal\" href=\"http:\/\/twitter.com\/share\" target=\"_blank\" rel=\"noopener\">Tweet<\/a><\/p>\n<p><script type=\"text\/javascript\" src=\"http:\/\/platform.twitter.com\/widgets.js\"><\/script> <\/p>\n<p><a href=\"https:\/\/www.comunicatur.info\">[HOME]<\/a><\/p>\n","protected":false},"excerpt":{"rendered":"<p>Este verano, 90 playas y 24 puertos catalanes obtienen la Bandera Azul.<\/p>\n","protected":false},"author":1,"featured_media":0,"comment_status":"close","ping_status":"open","sticky":false,"template":"","format":"standard","meta":[],"categories":[42],"tags":[],"_links":{"self":[{"href":"https:\/\/www.comunicatur.info\/es\/wp-json\/wp\/v2\/posts\/4581"}],"collection":[{"href":"https:\/\/www.comunicatur.info\/es\/wp-json\/wp\/v2\/posts"}],"about":[{"href":"https:\/\/www.comunicatur.info\/es\/wp-json\/wp\/v2\/types\/post"}],"author":[{"embeddable":true,"href":"https:\/\/www.comunicatur.info\/es\/wp-json\/wp\/v2\/users\/1"}],"replies":[{"embeddable":true,"href":"https:\/\/www.comunicatur.info\/es\/wp-json\/wp\/v2\/comments?post=4581"}],"version-history":[{"count":0,"href":"https:\/\/www.comunicatur.info\/es\/wp-json\/wp\/v2\/posts\/4581\/revisions"}],"wp:attachment":[{"href":"https:\/\/www.comunicatur.info\/es\/wp-json\/wp\/v2\/media?parent=4581"}],"wp:term":[{"taxonomy":"category","embeddable":true,"href":"https:\/\/www.comunicatur.info\/es\/wp-json\/wp\/v2\/categories?post=4581"},{"taxonomy":"post_tag","embeddable":true,"href":"https:\/\/www.comunicatur.info\/es\/wp-json\/wp\/v2\/tags?post=4581"}],"curies":[{"name":"wp","href":"https:\/\/api.w.org\/{rel}","templated":true}]}}