{"id":4577,"date":"2013-05-28T00:00:00","date_gmt":"2013-05-28T00:00:00","guid":{"rendered":"https:\/\/comunicatur.info\/el-pais-basc-estudia-la-taxa-turistica-catalana-2\/"},"modified":"2013-05-28T00:00:00","modified_gmt":"2013-05-28T00:00:00","slug":"el-pais-basc-estudia-la-taxa-turistica-catalana-2","status":"publish","type":"post","link":"https:\/\/www.comunicatur.info\/es\/el-pais-basc-estudia-la-taxa-turistica-catalana-2\/","title":{"rendered":"El Pa\u00eds Vasco estudia la tasa tur\u00edstica catalana"},"content":{"rendered":"<p>El Gobierno vasco est&aacute; analizando un posible impuesto sobre estancias tur&iacute;sticas para generar recursos extraordinarios igual que el implantado por la Generalitat de Catalunya. Despu&eacute;s de conocerse sus movimientos, el gobierno ha tenido que salir al paso para desmentir que &ldquo;est&eacute; en agenda&rdquo; poner este impuesto.<\/p>\n<p><\/p>\n<p>Seg&uacute;n desvela el diario El Mundo, el Departamento de Desarrollo Econ&oacute;mico y Competitividad del Gobierno vasco ha recabado informaci&oacute;n a la direcci&oacute;n general de Turismo catalana y ahora lo estudia con el sector del alojamiento la idoneidad de poner esta tasa.<\/p>\n<p>Una portavoz del gobierno vasco  matiz&oacute; al peri&oacute;dico que la aplicaci&oacute;n de la tasa tur&iacute;stica en el Pa&iacute;s Vasco se encuentra &quot;en una fase de estudio preliminar&quot;. Posteriormente la consejera de Turismo, Arantza Tapia, aclaraba que &ldquo;debemos ir trabajando i evaluando qu&eacute; medidas son aceptables o inaceptables&rdquo; y a&ntilde;ad&iacute;a que el impuesto podr&iacute;a tener un efecto &ldquo;desincentivador&rdquo;.<\/p>\n<p>Como ya adelant&oacute; Comunicatur en una informaci&oacute;n  de setiembre de 2012, por comentarios del vicepresidente de la CEOE, Joan Gaspart, existe la convicci&oacute;n entre el sector empresarial que diferentes comunidades aut&oacute;nomas seguir&iacute;an los pasos de Catalu&ntilde;a.<\/p>\n<p><a type=\"button_count\" name=\"fb_share\"><\/a><\/p>\n<p><script src=\"http:\/\/static.ak.fbcdn.net\/connect.php\/js\/FB.Share\" type=\"text\/javascript\"><\/script><\/p>\n<p><a class=\"twitter-share-button\" data-lang=\"es\" data-text=\" El Pa\u00eds Vasco estudia la tasa tur\u00edstica catalana v\u00eda @comunicatur\" data-count=\"horizontal\" href=\"http:\/\/twitter.com\/share\" target=\"_blank\" rel=\"noopener\">Tweet<\/a><\/p>\n<p><script type=\"text\/javascript\" src=\"http:\/\/platform.twitter.com\/widgets.js\"><\/script><\/p>\n<p><a href=\"https:\/\/www.comunicatur.info\">[HOME]<\/a><\/p>\n","protected":false},"excerpt":{"rendered":"<p>El Gobierno vasco est&aacute; analizando un posible impuesto sobre estancias tur&iacute;sticas para generar recursos extraordinarios igual que el implantado por la Generalitat de Catalunya. Despu&eacute;s de conocerse sus movimientos, el gobierno ha tenido que salir al paso para desmentir que &ldquo;est&eacute; en agenda&rdquo; poner este impuesto.<\/p>\n","protected":false},"author":1,"featured_media":0,"comment_status":"close","ping_status":"open","sticky":false,"template":"","format":"standard","meta":[],"categories":[18],"tags":[],"_links":{"self":[{"href":"https:\/\/www.comunicatur.info\/es\/wp-json\/wp\/v2\/posts\/4577"}],"collection":[{"href":"https:\/\/www.comunicatur.info\/es\/wp-json\/wp\/v2\/posts"}],"about":[{"href":"https:\/\/www.comunicatur.info\/es\/wp-json\/wp\/v2\/types\/post"}],"author":[{"embeddable":true,"href":"https:\/\/www.comunicatur.info\/es\/wp-json\/wp\/v2\/users\/1"}],"replies":[{"embeddable":true,"href":"https:\/\/www.comunicatur.info\/es\/wp-json\/wp\/v2\/comments?post=4577"}],"version-history":[{"count":0,"href":"https:\/\/www.comunicatur.info\/es\/wp-json\/wp\/v2\/posts\/4577\/revisions"}],"wp:attachment":[{"href":"https:\/\/www.comunicatur.info\/es\/wp-json\/wp\/v2\/media?parent=4577"}],"wp:term":[{"taxonomy":"category","embeddable":true,"href":"https:\/\/www.comunicatur.info\/es\/wp-json\/wp\/v2\/categories?post=4577"},{"taxonomy":"post_tag","embeddable":true,"href":"https:\/\/www.comunicatur.info\/es\/wp-json\/wp\/v2\/tags?post=4577"}],"curies":[{"name":"wp","href":"https:\/\/api.w.org\/{rel}","templated":true}]}}