{"id":4549,"date":"2013-05-17T00:00:00","date_gmt":"2013-05-17T00:00:00","guid":{"rendered":"https:\/\/comunicatur.info\/la-carta-europea-de-turisme-sostenible-objectiu-de-les-empreses-catalanes-2\/"},"modified":"2013-05-17T00:00:00","modified_gmt":"2013-05-17T00:00:00","slug":"la-carta-europea-de-turisme-sostenible-objectiu-de-les-empreses-catalanes-2","status":"publish","type":"post","link":"https:\/\/www.comunicatur.info\/es\/la-carta-europea-de-turisme-sostenible-objectiu-de-les-empreses-catalanes-2\/","title":{"rendered":"Objetivo: la Carta Europea de Turismo Sostenible"},"content":{"rendered":"<p>Ocho empresas de la Garrotxa han sido acreditadas con la Carta Europea de Turismo Sostenible (CETS). Esta distinci\u00f3n, otorgada por la Federaci\u00f3n Europarc, se da a aquellos territorios que, en el \u00e1mbito de un espacio protegido, trabajan por un modelo tur\u00edstico d\u00f3nde la calidad de vida de la poblaci\u00f3n local, el impulso del turismo en la zona y la conservaci\u00f3n del territorio son los ejes vertebradores.<\/p>\n<p><\/p>\n<p>Las ocho empresas de la Garrotxa (restaurante La Quinta Justa, Turisme Rural La Rectoria de Sant Miquel de Pineda, restaurante B-Creck, hotel Borrell, En Ruta Girona, Vol de Coloms, La Bombolla, hotel L\u2019Estaci\u00f3), se suman a 10 establecimientos m\u00e1s de la comarca que han renovado la certificaci\u00f3n.<\/p>\n<p>Actualmente, 107 espacios protegidos de toda Europa disfrutan de esta acreditaci\u00f3n. En Catalu\u00f1a son cuatro los parques naturales acreditados: Zona Volc\u00e1nica de la Garrotxa, Delta de l\u2019Ebre, Sant Lloren\u00e7 del Munt i l\u2019Obac y Montseny.<\/p>\n<p>El Parque Natural de la Zona Volc\u00e1nica de la Garrotxa fue el primero del Estado en obtener la CETS en 2001 y, desde hace 5 a\u00f1os, ha sido un parque piloto en el sistema de acreditaci\u00f3n de empresas tur\u00edsticas.<\/p>\n<p>Por su parte, el Parque Natural del Montseny ha compartido las experiencias de empresas adheridas a la CETS en otros destinos con  los profesionales que trabajan dentro de su territorio. El Vall\u00e8s Oriental es de las zonas que m\u00e1s municipios y m\u00e1s espacio aporta dentro del territorio del parque. Y ahora se marca como objetivo la difusi\u00f3n de los valores de esta acreditaci\u00f3n entre las empresas tur\u00edsticas de la comarca.<\/p>\n<p><a type=\"button_count\" name=\"fb_share\"><\/a><\/p>\n<p><script src=\"http:\/\/static.ak.fbcdn.net\/connect.php\/js\/FB.Share\" type=\"text\/javascript\"><\/script><\/p>\n<p><a class=\"twitter-share-button\" data-lang=\"es\" data-text=\"Objetivo: la Carta Europea de Turismo Sostenible via @comunicatur\" data-count=\"horizontal\" href=\"http:\/\/twitter.com\/share\" target=\"_blank\" rel=\"noopener\">Tweet<\/a><\/p>\n<p><script type=\"text\/javascript\" src=\"http:\/\/platform.twitter.com\/widgets.js\"><\/script><\/p>\n<p><a href=\"https:\/\/www.comunicatur.info\">[HOME]<\/a><\/p>\n","protected":false},"excerpt":{"rendered":"<p>Ocho empresas de la Garrotxa han sido acreditadas con la Carta Europea de Turismo Sostenible (CETS). Esta distinci\u00f3n, otorgada por la Federaci\u00f3n Europarc, se da a aquellos territorios que, en el \u00e1mbito de un espacio protegido, trabajan por un modelo tur\u00edstico d\u00f3nde la calidad de vida de la poblaci\u00f3n local, el impulso del turismo en la zona y la conservaci\u00f3n del territorio son los ejes vertebradores.<\/p>\n","protected":false},"author":1,"featured_media":0,"comment_status":"close","ping_status":"open","sticky":false,"template":"","format":"standard","meta":[],"categories":[19],"tags":[],"_links":{"self":[{"href":"https:\/\/www.comunicatur.info\/es\/wp-json\/wp\/v2\/posts\/4549"}],"collection":[{"href":"https:\/\/www.comunicatur.info\/es\/wp-json\/wp\/v2\/posts"}],"about":[{"href":"https:\/\/www.comunicatur.info\/es\/wp-json\/wp\/v2\/types\/post"}],"author":[{"embeddable":true,"href":"https:\/\/www.comunicatur.info\/es\/wp-json\/wp\/v2\/users\/1"}],"replies":[{"embeddable":true,"href":"https:\/\/www.comunicatur.info\/es\/wp-json\/wp\/v2\/comments?post=4549"}],"version-history":[{"count":0,"href":"https:\/\/www.comunicatur.info\/es\/wp-json\/wp\/v2\/posts\/4549\/revisions"}],"wp:attachment":[{"href":"https:\/\/www.comunicatur.info\/es\/wp-json\/wp\/v2\/media?parent=4549"}],"wp:term":[{"taxonomy":"category","embeddable":true,"href":"https:\/\/www.comunicatur.info\/es\/wp-json\/wp\/v2\/categories?post=4549"},{"taxonomy":"post_tag","embeddable":true,"href":"https:\/\/www.comunicatur.info\/es\/wp-json\/wp\/v2\/tags?post=4549"}],"curies":[{"name":"wp","href":"https:\/\/api.w.org\/{rel}","templated":true}]}}