{"id":4535,"date":"2013-05-08T00:00:00","date_gmt":"2013-05-08T00:00:00","guid":{"rendered":"https:\/\/comunicatur.info\/el-turisme-rural-catala-no-participara-de-la-classificacio-comuna-despanya-2\/"},"modified":"2013-05-08T00:00:00","modified_gmt":"2013-05-08T00:00:00","slug":"el-turisme-rural-catala-no-participara-de-la-classificacio-comuna-despanya-2","status":"publish","type":"post","link":"https:\/\/www.comunicatur.info\/es\/el-turisme-rural-catala-no-participara-de-la-classificacio-comuna-despanya-2\/","title":{"rendered":"El turismo rural catal\u00e1n no participar\u00e1 de la clasificaci\u00f3n com\u00fan de Espa\u00f1a"},"content":{"rendered":"<p>La Conferencia Sectorial de Turismo que re&uacute;ne al Gobierno y a las Comunidades Aut&oacute;nomas est&aacute; trabajando en una clasificaci&oacute;n homog&eacute;nea para los alojamientos rurales de Espa&ntilde;a. Catalu&ntilde;a, que cuenta con su propio sistema de clasificaci&oacute;n, ha anunciado que se queda al margen.<\/p>\n<p><\/p>\n<p>Desde el resto de administraciones han defendido esta medida para &ldquo;facilitar una promoci&oacute;n internacional m&aacute;s eficaz y eficiente del turismo rural&rdquo;. Comentan que la actual multiplicidad y disparidad de tipolog&iacute;as de turismo rural que existen en Espa&ntilde;a no se puede comparar con ning&uacute;n otro sector del alojamiento.<\/p>\n<p>Una situaci&oacute;n, dicen en el Ministerio, que est&aacute; haciendo perder competitividad a este segmento porque tal complejidad no permite &ldquo;trasladarlo a las acciones y materiales de promoci&oacute;n y complica su comprensi&oacute;n por parte de los turistas internacionales&rdquo;.<\/p>\n<p>Catalu&ntilde;a defiende su propio modelo implantado hace pocos a&ntilde;os y que cuenta con el benepl&aacute;cito del sector del turismo rural de la comunidad. Los alojamientos rurales catalanes deben pasar una certificaci&oacute;n propia para obtener la clasificaci&oacute;n de &ldquo;espigas&rdquo;. Un proceso dise&ntilde;ado por las organizaciones empresariales del sector rural de Catalu&ntilde;a y asumido por la Generalitat.<\/p>\n<p>Por su parte, las Comunidades Aut&oacute;nomas han acordado un primer documento base de homogeneizaci&oacute;n de la normativa de esta tipolog&iacute;a de alojamientos. Las Comunidades Aut&oacute;nomas comenzar&aacute;n progresivamente a adoptar la nueva clasificaci&oacute;n que utilizar&aacute; como s&iacute;mbolo las &ldquo;estrellas verdes&rdquo;. El sistema catal&aacute;n seguir&aacute; utilizando las &ldquo;espigas&rdquo; como s&iacute;mbolo.<\/p>\n<p>A juicio de la Generalitat la propuesta del Gobierno puede provocar confusi&oacute;n entre los turistas ya que incorpora a establecimientos hoteleros y apartamentos en la clasificaci&oacute;n rural. Adem&aacute;s consideran que la identificaci&oacute;n por estrellas tambi&eacute;n generar&aacute; confusi&oacute;n ya que es la misma que utilizan los hoteles. Por todo ello, Catalu&ntilde;a se abstuvo en la votaci&oacute;n de la propuesta de homogeneizaci&oacute;n del turismo rural a nivel estatal y coment&oacute; que cuenta con competencias propias en materia de turismo que le permiten continuar con su propio modelo de clasificaci&oacute;n.<\/p>\n<p>Con la decisi&oacute;n catalana, su sector rural puede quedarse al margen de las inversiones que realice el Estado en promoci&oacute;n internacional del turismo rural. El Ministerio ha dise&ntilde;ado un Plan de Promoci&oacute;n del Turismo Rural en el que presenta a Alemania y Francia como los dos mercados prioritarios a los que se dirigir&aacute;n las acciones de promoci&oacute;n, seguidos de Portugal. Tambi&eacute;n dicen que trabajar&aacute;n en el Reino Unido para mejorar el posicionamiento de Espa&ntilde;a  en lo vinculado a las actividades tur&iacute;sticas en el medio rural.<\/p>\n<p><a type=\"button_count\" name=\"fb_share\"><\/a><\/p>\n<p><script src=\"http:\/\/static.ak.fbcdn.net\/connect.php\/js\/FB.Share\" type=\"text\/javascript\"><\/script><\/p>\n<p><a class=\"twitter-share-button\" data-lang=\"es\" data-text=\"El turismo rural catal\u00e1n no participar\u00e1 de la clasificaci\u00f3n com\u00fan de Espa\u00f1a v\u00eda @comunicatur\" data-count=\"horizontal\" href=\"http:\/\/twitter.com\/share\" target=\"_blank\" rel=\"noopener\">Tweet<\/a><\/p>\n<p><script type=\"text\/javascript\" src=\"http:\/\/platform.twitter.com\/widgets.js\"><\/script><\/p>\n<p><a href=\"https:\/\/www.comunicatur.info\">[HOME]<\/a><\/p>\n","protected":false},"excerpt":{"rendered":"<p>La Conferencia Sectorial de Turismo que re&uacute;ne al Gobierno y a las Comunidades Aut&oacute;nomas est&aacute; trabajando en una clasificaci&oacute;n homog&eacute;nea para los alojamientos rurales de Espa&ntilde;a. Catalu&ntilde;a, que cuenta con su propio sistema de clasificaci&oacute;n, ha anunciado que se queda al margen.<\/p>\n","protected":false},"author":1,"featured_media":0,"comment_status":"close","ping_status":"open","sticky":false,"template":"","format":"standard","meta":[],"categories":[29],"tags":[],"_links":{"self":[{"href":"https:\/\/www.comunicatur.info\/es\/wp-json\/wp\/v2\/posts\/4535"}],"collection":[{"href":"https:\/\/www.comunicatur.info\/es\/wp-json\/wp\/v2\/posts"}],"about":[{"href":"https:\/\/www.comunicatur.info\/es\/wp-json\/wp\/v2\/types\/post"}],"author":[{"embeddable":true,"href":"https:\/\/www.comunicatur.info\/es\/wp-json\/wp\/v2\/users\/1"}],"replies":[{"embeddable":true,"href":"https:\/\/www.comunicatur.info\/es\/wp-json\/wp\/v2\/comments?post=4535"}],"version-history":[{"count":0,"href":"https:\/\/www.comunicatur.info\/es\/wp-json\/wp\/v2\/posts\/4535\/revisions"}],"wp:attachment":[{"href":"https:\/\/www.comunicatur.info\/es\/wp-json\/wp\/v2\/media?parent=4535"}],"wp:term":[{"taxonomy":"category","embeddable":true,"href":"https:\/\/www.comunicatur.info\/es\/wp-json\/wp\/v2\/categories?post=4535"},{"taxonomy":"post_tag","embeddable":true,"href":"https:\/\/www.comunicatur.info\/es\/wp-json\/wp\/v2\/tags?post=4535"}],"curies":[{"name":"wp","href":"https:\/\/api.w.org\/{rel}","templated":true}]}}