{"id":4486,"date":"2013-04-16T00:00:00","date_gmt":"2013-04-16T00:00:00","guid":{"rendered":"https:\/\/comunicatur.info\/walking-pyrenees-nou-itinerari-cultural-i-turistic-2\/"},"modified":"2013-04-16T00:00:00","modified_gmt":"2013-04-16T00:00:00","slug":"walking-pyrenees-nou-itinerari-cultural-i-turistic-2","status":"publish","type":"post","link":"https:\/\/www.comunicatur.info\/es\/walking-pyrenees-nou-itinerari-cultural-i-turistic-2\/","title":{"rendered":"\u00abWalking Pyrenees\u00bb, nuevo itinerario cultural y tur\u00edstico"},"content":{"rendered":"<p>Nace en Catalu\u00f1a el Walking Pyrenees, un nuevo producto cultural y tur\u00edstico creado por agentes p\u00fablicos y privados del sector tur\u00edstico de Ripoll, Sant Joan de les Abadesses y Ogassa.<\/p>\n<p><\/p>\n<p>El nuevo itinerario, de 25 kil\u00f3metros y dise\u00f1ado para senderistas, se ha estructurado a partir de caminos de bosque que establecen un recorrido que tiene su punto 0 en el Monasterio de Sant Joan de les Abadesses y su final en el Monasterio de Ripoll.<\/p>\n<p>La ruta, que se puede llevar a cabo de forma guiada o autoguiada, se estructura tambi\u00e9n a partir de establecimientos tur\u00edsticos existentes, que permiten dar servicio a los turistas y senderistas, tanto en materia de alojamiento como de comida, transfers de equipajes, talleres de actividades e interpretaci\u00f3n del entorno, etc.<\/p>\n<p>La propuesta, pensada para un p\u00fablico tanto nacional como internacional, ofrece un paquete tur\u00edstico de 5 d\u00edas de duraci\u00f3n, pensado para grupos de 6 a 12 personas. El albergue rural Ruta del Ferro de Sant Joan de les Abadesses es el punto de recepci\u00f3n y alojamiento.<\/p>\n<p>Este producto cultural y tur\u00edstico es fruto de la colaboraci\u00f3n entre el sector p\u00fablico \u2013 Consorci Ripoll\u00e8s Desenvolupament y ayuntamientos de Ripoll,Sant Joan de les Abadesses y Ogassa &#8211; y el sector privado &#8211; CEA Alt Ter, Casa Rudes, La Pe\u00e7allarga, Mas Mitjavila y La Trobada Hotel -. Tiene como objetivo \u201cpotenciar los valores culturales y naturales del territorio, mantenerlos y proyectarlos nacionalmente e internacionalmente, permitiendo a personas venidas de todas partes vivir experiencias y entornos \u00fanicos\u201d.<\/p>\n<p>La presentaci\u00f3n de este producto ha coincidido con la inauguraci\u00f3n del Centro de Interpretaci\u00f3n del Monasterio de Ripoll, un equipamiento que permite al visitante descubrir todas las claves del monasterio, a trav\u00e9s de una museograf\u00eda avanzada e interactiva. El centro culmina la puesta en marcha del proyecto \u00abTierra de Condes y Abades\u00bb, una marca tur\u00edstica que engloba los recursos patrimoniales de Ripoll, Sant Joan de les Abadesses, Gombr\u00e8n y Campdev\u00e0nol, lugares estrechamente vinculados con los momentos fundacionales de Catalu\u00f1a.<\/p>\n<p><a type=\"button_count\" name=\"fb_share\"><\/a><\/p>\n<p><script src=\"http:\/\/static.ak.fbcdn.net\/connect.php\/js\/FB.Share\" type=\"text\/javascript\"><\/script><\/p>\n<p><a class=\"twitter-share-button\" data-lang=\"es\" data-text=\"\" data-count=\"horizontal\" href=\"http:\/\/twitter.com\/share\" Walking nuevo itinerario cultural  via target=\"_blank\" rel=\"noopener\">Tweet<\/a><\/p>\n<p><script type=\"text\/javascript\" src=\"http:\/\/platform.twitter.com\/widgets.js\"><\/script><\/p>\n<p><a href=\"https:\/\/www.comunicatur.info\">[HOME]<\/a><\/p>\n","protected":false},"excerpt":{"rendered":"<p>Nace en Catalu\u00f1a el Walking Pyrenees, un nuevo producto cultural y tur\u00edstico creado por agentes p\u00fablicos y privados del sector tur\u00edstico de Ripoll, Sant Joan de les Abadesses y Ogassa.<\/p>\n","protected":false},"author":1,"featured_media":0,"comment_status":"close","ping_status":"open","sticky":false,"template":"","format":"standard","meta":[],"categories":[19],"tags":[],"_links":{"self":[{"href":"https:\/\/www.comunicatur.info\/es\/wp-json\/wp\/v2\/posts\/4486"}],"collection":[{"href":"https:\/\/www.comunicatur.info\/es\/wp-json\/wp\/v2\/posts"}],"about":[{"href":"https:\/\/www.comunicatur.info\/es\/wp-json\/wp\/v2\/types\/post"}],"author":[{"embeddable":true,"href":"https:\/\/www.comunicatur.info\/es\/wp-json\/wp\/v2\/users\/1"}],"replies":[{"embeddable":true,"href":"https:\/\/www.comunicatur.info\/es\/wp-json\/wp\/v2\/comments?post=4486"}],"version-history":[{"count":0,"href":"https:\/\/www.comunicatur.info\/es\/wp-json\/wp\/v2\/posts\/4486\/revisions"}],"wp:attachment":[{"href":"https:\/\/www.comunicatur.info\/es\/wp-json\/wp\/v2\/media?parent=4486"}],"wp:term":[{"taxonomy":"category","embeddable":true,"href":"https:\/\/www.comunicatur.info\/es\/wp-json\/wp\/v2\/categories?post=4486"},{"taxonomy":"post_tag","embeddable":true,"href":"https:\/\/www.comunicatur.info\/es\/wp-json\/wp\/v2\/tags?post=4486"}],"curies":[{"name":"wp","href":"https:\/\/api.w.org\/{rel}","templated":true}]}}