{"id":4466,"date":"2013-03-25T00:00:00","date_gmt":"2013-03-25T00:00:00","guid":{"rendered":"https:\/\/comunicatur.info\/expectatives-desiguals-per-setmana-santa-2\/"},"modified":"2013-03-25T00:00:00","modified_gmt":"2013-03-25T00:00:00","slug":"expectatives-desiguals-per-setmana-santa-2","status":"publish","type":"post","link":"https:\/\/www.comunicatur.info\/es\/expectatives-desiguals-per-setmana-santa-2\/","title":{"rendered":"Expectativas desiguales en Semana Santa"},"content":{"rendered":"<p>Las diversas perspectivas de ocupaci\u00f3n que se dan desde diferentes sectores y territorios podr\u00edan variar seg\u00fan vayan evolucionando las reservas de \u00faltima hora y la climatolog\u00eda.<\/p>\n<p><\/p>\n<p>Mientras Ucave registra un incremento de cerca de un 1% en las reservas para Semana Santa respecto al 2012, porque \u00abla larga distancia se ha cerrado con antelaci\u00f3n\u00bb, ACAV prev\u00e9 un descenso del 5% que la asociaci\u00f3n atribuye al par\u00f3n del consumo nacional y a que las fiestas se han avanzado y a\u00fan puede hacer fr\u00edo en algunos destinos.<\/p>\n<p>Precisamente el fr\u00edo y las nevadas de esta temporada beneficia a las comarcas de los Pirineos. El Patronato de Turismo de la Diputaci\u00f3n de Lleida prev\u00e9 una buena ocupaci\u00f3n en las zonas tur\u00edsticas de Lleida entre el Viernes Santo y el Lunes de Pascua, que podr\u00edan situarse alrededor del 80% de ocupaci\u00f3n.<\/p>\n<p>Las comarcas de Lleida recibir\u00edan unos 70.000 turistas que generar\u00edan m\u00e1s de 150.000 pernoctaciones en las diferentes modalidades de establecimientos de alojamiento tur\u00edstico, tanto de la zona de la Plana como del Pirineo de Lleida.<\/p>\n<p>Diversas estaciones de esqu\u00ed alargan la temporada, como Port del Comte y Port-Ain\u00e9, y Baqueira incluos alargar\u00e1 hasta el 5 de mayo. Durante unas semanas, pues, el esqu\u00ed convivir\u00e1 con los deportes de aventura.<\/p>\n<p>En el caso de las comarcas de Girona, se prev\u00e9 que abran entre el 85% y el 90% de la flota hotelera de la provincia. La media de la estancia ocilar\u00e1 entre dos y tres noches.<\/p>\n<p><b>Previsiones negativas de la Cehat<\/b><\/p>\n<p>Seg\u00fan el Observatorio de la Industria Hotelera, elaborado por PwC para la Cehat, las expectativas son negativas por primera vez en los \u00faltimos cuatro a\u00f1os debido a aspectos como la subida de las tasas aeroportuarias y la tendencia cada vez m\u00e1s marcada en las reservas de \u00faltima hora.<\/p>\n<p>El OHE Hotelero, que mide las perspectivas de los hoteleros relativas a las pernoctaciones, ofertas de plazas, rentabilidad, estancia y precio medio, promociones y publicidad; se sit\u00faa en los 36,12 puntos, cifra que supone una ca\u00edda del 23% respecto la Semana Santa anterior.<\/p>\n<p>La rebaja de las perspectivas hoteleras se refleja en una ca\u00edda de la pr\u00e1ctica totalidad de factores analizados excepto en oferta de plazas, estancia media, esfuerzo promocional y gasto publicitario.<\/p>\n<p><a type=\"button_count\" name=\"fb_share\"><\/a><\/p>\n<p><script src=\"http:\/\/static.ak.fbcdn.net\/connect.php\/js\/FB.Share\" type=\"text\/javascript\"><\/script><\/p>\n<p><a class=\"twitter-share-button\" data-lang=\"es\" data-text=\"Expectativas desiguales en Semana Santa  via @comunicatur\" data-count=\"horizontal\" href=\"http:\/\/twitter.com\/share\" target=\"_blank\" rel=\"noopener\">Tweet<\/a><\/p>\n<p><script type=\"text\/javascript\" src=\"http:\/\/platform.twitter.com\/widgets.js\"><\/script><\/p>\n<p><a href=\"https:\/\/www.comunicatur.info\">[HOME]<\/a><\/p>\n","protected":false},"excerpt":{"rendered":"<p>Las diversas perspectivas de ocupaci\u00f3n que se dan desde diferentes sectores y territorios podr\u00edan variar seg\u00fan vayan evolucionando las reservas de \u00faltima hora y la climatolog\u00eda.<\/p>\n","protected":false},"author":1,"featured_media":0,"comment_status":"close","ping_status":"open","sticky":false,"template":"","format":"standard","meta":[],"categories":[19],"tags":[],"_links":{"self":[{"href":"https:\/\/www.comunicatur.info\/es\/wp-json\/wp\/v2\/posts\/4466"}],"collection":[{"href":"https:\/\/www.comunicatur.info\/es\/wp-json\/wp\/v2\/posts"}],"about":[{"href":"https:\/\/www.comunicatur.info\/es\/wp-json\/wp\/v2\/types\/post"}],"author":[{"embeddable":true,"href":"https:\/\/www.comunicatur.info\/es\/wp-json\/wp\/v2\/users\/1"}],"replies":[{"embeddable":true,"href":"https:\/\/www.comunicatur.info\/es\/wp-json\/wp\/v2\/comments?post=4466"}],"version-history":[{"count":0,"href":"https:\/\/www.comunicatur.info\/es\/wp-json\/wp\/v2\/posts\/4466\/revisions"}],"wp:attachment":[{"href":"https:\/\/www.comunicatur.info\/es\/wp-json\/wp\/v2\/media?parent=4466"}],"wp:term":[{"taxonomy":"category","embeddable":true,"href":"https:\/\/www.comunicatur.info\/es\/wp-json\/wp\/v2\/categories?post=4466"},{"taxonomy":"post_tag","embeddable":true,"href":"https:\/\/www.comunicatur.info\/es\/wp-json\/wp\/v2\/tags?post=4466"}],"curies":[{"name":"wp","href":"https:\/\/api.w.org\/{rel}","templated":true}]}}