{"id":4419,"date":"2013-03-14T00:00:00","date_gmt":"2013-03-14T00:00:00","guid":{"rendered":"https:\/\/comunicatur.info\/els-taxistes-de-lleida-col%c2%b7laboren-en-la-promocio-turistica-2\/"},"modified":"2013-03-14T00:00:00","modified_gmt":"2013-03-14T00:00:00","slug":"els-taxistes-de-lleida-col%c2%b7laboren-en-la-promocio-turistica-2","status":"publish","type":"post","link":"https:\/\/www.comunicatur.info\/es\/els-taxistes-de-lleida-col%c2%b7laboren-en-la-promocio-turistica-2\/","title":{"rendered":"Los taxistas de Lleida colaboran en la promoci\u00f3n tur\u00edstica"},"content":{"rendered":"<p>Los taxis de Lleida colaborar\u00e1n en la difusi\u00f3n de la oferta tur\u00edstica de la ciudad gracias al convenio firmado por Turisme de Lleida y la Cooperativa Tele Radio Taxi Lleida SCCL.<\/p>\n<p><\/p>\n<p>El convenio establece que se facilitar\u00e1 material informativo tur\u00edstico a los profesionales del servicio de taxi para que los taxistas puedan hacer difusi\u00f3n entre sus clientes de fuera de Lleida.<\/p>\n<p>Desde Turisme de Lleida tambi\u00e9n hay el compromiso de informar a la Cooperativa de los taxistas de la agenda de eventos previstos en Lleida para que los miembros de la cooperativa dispongan de la informaci\u00f3n necesaria para que se proceda a adaptar los servicios a las puntas de demanda generada por los eventos.<\/p>\n<p>La cooperativa del taxi se compromete a informar e impulsar conjuntamente con Turisme de Lleida programas de formaci\u00f3n cont\u00ednua con una clara vocaci\u00f3n de atenci\u00f3n al cliente, difundir entre sus asociados las actividades de este convenio y facilitar la asistencia de los conductores de taxi a las actividades de formaci\u00f3n organizadas por Turisme de Lleida.<\/p>\n<p><a type=\"button_count\" name=\"fb_share\"><\/a><\/p>\n<p><script src=\"http:\/\/static.ak.fbcdn.net\/connect.php\/js\/FB.Share\" type=\"text\/javascript\"><\/script><\/p>\n<p><a class=\"twitter-share-button\" data-lang=\"es\" data-text=\"Los taxistas de Lleida colaboran en la promoci\u00f3n tur\u00edstica via @comunicatur\" data-count=\"horizontal\" href=\"http:\/\/twitter.com\/share\" target=\"_blank\" rel=\"noopener\">Tweet<\/a><\/p>\n<p><script type=\"text\/javascript\" src=\"http:\/\/platform.twitter.com\/widgets.js\"><\/script><\/p>\n<p><a href=\"https:\/\/www.comunicatur.info\">[HOME]<\/a><\/p>\n","protected":false},"excerpt":{"rendered":"<p>Los taxis de Lleida colaborar\u00e1n en la difusi\u00f3n de la oferta tur\u00edstica de la ciudad gracias al convenio firmado por Turisme de Lleida y la Cooperativa Tele Radio Taxi Lleida SCCL.<\/p>\n","protected":false},"author":1,"featured_media":0,"comment_status":"close","ping_status":"open","sticky":false,"template":"","format":"standard","meta":[],"categories":[19],"tags":[],"_links":{"self":[{"href":"https:\/\/www.comunicatur.info\/es\/wp-json\/wp\/v2\/posts\/4419"}],"collection":[{"href":"https:\/\/www.comunicatur.info\/es\/wp-json\/wp\/v2\/posts"}],"about":[{"href":"https:\/\/www.comunicatur.info\/es\/wp-json\/wp\/v2\/types\/post"}],"author":[{"embeddable":true,"href":"https:\/\/www.comunicatur.info\/es\/wp-json\/wp\/v2\/users\/1"}],"replies":[{"embeddable":true,"href":"https:\/\/www.comunicatur.info\/es\/wp-json\/wp\/v2\/comments?post=4419"}],"version-history":[{"count":0,"href":"https:\/\/www.comunicatur.info\/es\/wp-json\/wp\/v2\/posts\/4419\/revisions"}],"wp:attachment":[{"href":"https:\/\/www.comunicatur.info\/es\/wp-json\/wp\/v2\/media?parent=4419"}],"wp:term":[{"taxonomy":"category","embeddable":true,"href":"https:\/\/www.comunicatur.info\/es\/wp-json\/wp\/v2\/categories?post=4419"},{"taxonomy":"post_tag","embeddable":true,"href":"https:\/\/www.comunicatur.info\/es\/wp-json\/wp\/v2\/tags?post=4419"}],"curies":[{"name":"wp","href":"https:\/\/api.w.org\/{rel}","templated":true}]}}