{"id":4349,"date":"2013-01-24T00:00:00","date_gmt":"2013-01-24T00:00:00","guid":{"rendered":"https:\/\/comunicatur.info\/els-mercats-llunyans-guanyen-protagonisme-al-calendari-firal-turistic-de-catalunya-2\/"},"modified":"2013-01-24T00:00:00","modified_gmt":"2013-01-24T00:00:00","slug":"els-mercats-llunyans-guanyen-protagonisme-al-calendari-firal-turistic-de-catalunya-2","status":"publish","type":"post","link":"https:\/\/www.comunicatur.info\/es\/els-mercats-llunyans-guanyen-protagonisme-al-calendari-firal-turistic-de-catalunya-2\/","title":{"rendered":"Los mercados lejanos ganan protagonismo en el calendario ferial tur\u00edstico de Catalu\u00f1a"},"content":{"rendered":"<p>La Agencia Catalana de Turismo (ACT), dependiente de la Generalitat, ha anunciado que asistir&aacute; a 42 ferias de turismo durante el 2013. Lo har&aacute; con el mismo estand para ahorrar y porque le ha dado buenos resultados durante el pasado a&ntilde;o. Las ferias m&aacute;s importantes en los mercados emisores tradicionales mantendr&aacute;n la presencia de expositiva del organismo de promoci&oacute;n de Catalu&ntilde;a.<\/p>\n<p><\/p>\n<p>El destino &ldquo;Catalu&ntilde;a&rdquo; estar&aacute; presente en ferias tur&iacute;sticas como la ITB de Berl&iacute;n (del 6 al 10 de marzo), la MITT de Mosc&uacute; (del 20 al 23 de marzo) y la World Travel Market de Londres (del 4 al 7 de noviembre), as&iacute; como la pr&oacute;xima edici&oacute;n de Fitur (Madrid, del 30 de enero al 3 de febrero) y el Sal&oacute;n Internacional de Turismo de Catalu&ntilde;a (Barcelona, del 19 al 21 de abril).<\/p>\n<p>Tambi&eacute;n los mercados emergentes de Brasil, China y el Sudeste asi&aacute;tico tendr&aacute;n un papel destacado en el calendario de ferias 2013 de la ACT. As&iacute;, Catalu&ntilde;a asistir&aacute; a la World Travel Market de Sao Paulo (del 23 al 25 de abril), la ITB Asia de Singapur (del 23 al 25 de octubre), y la China International Tourism Industry de Guangzhou (en septiembre).<\/p>\n<p>Xavier Espasa, director de la Agencia Catalana de Turismo, ha declarado que &ldquo;para el 2013 mantenemos la presencia ferial del 2012 porqu&eacute; ha sido una apuesta de &eacute;xito, galardonada con numerosos premios internacionales, y porqu&eacute;, adem&aacute;s, nos permite reutilizar materiales y ajustar costes en un momento de contenci&oacute;n presupuestaria&rdquo;.<\/p>\n<p>Asimismo, la Agencia Catalana de Turismo ha informado que asistir&aacute; a diversas ferias y salones especializados en un segmento de la demanda concreto &ldquo;con el objetivo de atraer a un turista altamente especializado&rdquo;. Entre estas, estar&aacute; presente en la IMEX de Frankfurt (del 21 al 23 de mayo) y en la EIBTM de Barcelona (del 19 al 21 de noviembre), ambas especializadas en turismo de negocios; en la British Birdwatching Fair (del 16 al 18 de agosto), dedicada al turismo ornitol&oacute;gico, y en las ILTM de Asia (Shangai, del 3 al 6 de junio), Am&eacute;rica (M&eacute;xico, del 1 al 3 de octubre) y Europa (Cannes, del 5 al 8 de diciembre), las ferias de lujo m&aacute;s importantes del mundo, entre otras.<\/p>\n<p><a target=\"_blank\" href=\"http:\/\/www.act.cat\/accions-promocio\/fires\" rel=\"noopener\">El calendario de ferias 2013 de la Agencia Catalana de Turismo<\/a><\/p>\n<p><a type=\"button_count\" name=\"fb_share\"><\/a><\/p>\n<p><script src=\"http:\/\/static.ak.fbcdn.net\/connect.php\/js\/FB.Share\" type=\"text\/javascript\"><\/script> <\/p>\n<p><a class=\"twitter-share-button\" data-lang=\"es\" data-text=\"Los mercados lejanos ganan protagonismo en el calendario ferial tur\u00edstico de Catalu\u00f1a v\u00eda @comunicatur\" data-count=\"horizontal\" href=\"http:\/\/twitter.com\/share\" target=\"_blank\" rel=\"noopener\">Tweet<\/a><\/p>\n<p><script type=\"text\/javascript\" src=\"http:\/\/platform.twitter.com\/widgets.js\"><\/script> <\/p>\n<p><a href=\"https:\/\/www.comunicatur.info\">[HOME]<\/a><\/p>\n","protected":false},"excerpt":{"rendered":"<p>La Agencia Catalana de Turismo (ACT), dependiente de la Generalitat, ha anunciado que asistir&aacute; a 42 ferias de turismo durante el 2013. Lo har&aacute; con el mismo estand para ahorrar y porque le ha dado buenos resultados durante el pasado a&ntilde;o. Las ferias m&aacute;s importantes en los mercados emisores tradicionales mantendr&aacute;n la presencia de expositiva del organismo de promoci&oacute;n de Catalu&ntilde;a.<\/p>\n","protected":false},"author":1,"featured_media":0,"comment_status":"close","ping_status":"open","sticky":false,"template":"","format":"standard","meta":[],"categories":[24],"tags":[],"_links":{"self":[{"href":"https:\/\/www.comunicatur.info\/es\/wp-json\/wp\/v2\/posts\/4349"}],"collection":[{"href":"https:\/\/www.comunicatur.info\/es\/wp-json\/wp\/v2\/posts"}],"about":[{"href":"https:\/\/www.comunicatur.info\/es\/wp-json\/wp\/v2\/types\/post"}],"author":[{"embeddable":true,"href":"https:\/\/www.comunicatur.info\/es\/wp-json\/wp\/v2\/users\/1"}],"replies":[{"embeddable":true,"href":"https:\/\/www.comunicatur.info\/es\/wp-json\/wp\/v2\/comments?post=4349"}],"version-history":[{"count":0,"href":"https:\/\/www.comunicatur.info\/es\/wp-json\/wp\/v2\/posts\/4349\/revisions"}],"wp:attachment":[{"href":"https:\/\/www.comunicatur.info\/es\/wp-json\/wp\/v2\/media?parent=4349"}],"wp:term":[{"taxonomy":"category","embeddable":true,"href":"https:\/\/www.comunicatur.info\/es\/wp-json\/wp\/v2\/categories?post=4349"},{"taxonomy":"post_tag","embeddable":true,"href":"https:\/\/www.comunicatur.info\/es\/wp-json\/wp\/v2\/tags?post=4349"}],"curies":[{"name":"wp","href":"https:\/\/api.w.org\/{rel}","templated":true}]}}