{"id":4329,"date":"2013-01-14T00:00:00","date_gmt":"2013-01-14T00:00:00","guid":{"rendered":"https:\/\/comunicatur.info\/el-turisme-cultural-proposit-de-la-costa-brava-per-al-2013-2\/"},"modified":"2013-01-14T00:00:00","modified_gmt":"2013-01-14T00:00:00","slug":"el-turisme-cultural-proposit-de-la-costa-brava-per-al-2013-2","status":"publish","type":"post","link":"https:\/\/www.comunicatur.info\/es\/el-turisme-cultural-proposit-de-la-costa-brava-per-al-2013-2\/","title":{"rendered":"El turismo cultural, prop\u00f3sito de la Costa Brava para 2013"},"content":{"rendered":"<p>El Patronato de Turismo Costa Brava Girona est\u00e1 trabajando para poner en marcha este a\u00f1o 2013 el nuevo club de producto Turismo de Cultura e Identidad de las comarcas gerundenses. El objetivo del nuevo Club es aglutinar toda la oferta y potenciar el destino de manera segmentada en los principales mercados emisores.<\/p>\n<p><\/p>\n<p>El Patronato de Turismo ha manifestado en varias ocasiones su implicaci\u00f3n y el inter\u00e9s por estructurar la oferta cultural de la demarcaci\u00f3n des de la vertiente tur\u00edstica. En este sentido, participa y da apoyo a diversas iniciativas culturales.<\/p>\n<p>Una de las \u00faltimas ha sido el apadrinamiento de Wikiartmap, una plataforma virtual para la difusi\u00f3n nacional e internacional del arte, el patrimonio y la creaci\u00f3n en el espacio p\u00fablico, creada por la figuerenca Maite Oliva.<\/p>\n<p>Esta plataforma es una herramienta multiidioma de uso libre que permite a creadores, agentes culturales y entidades difundir su patrimonio y sus intervenciones en una plataforma de alcance internacional y contenidos din\u00e1micos.<\/p>\n<p>De los 21.000 contenidos de todo el mundo que incluye actualmente, 700 corresponden a la demarcaci\u00f3n de Girona. Wikiartmap, en formato wiki y sobre cartograf\u00eda de Google, permite localizar y consultar informaci\u00f3n sobre el arte, la creaci\u00f3n y el patrimonio hist\u00f3rico.<\/p>\n<p><a type=\"button_count\" name=\"fb_share\"><\/a><\/p>\n<p><script src=\"http:\/\/static.ak.fbcdn.net\/connect.php\/js\/FB.Share\" type=\"text\/javascript\"><\/script><\/p>\n<p><a class=\"twitter-share-button\" data-lang=\"es\" data-text=\"El turismo cultural, prop\u00f3sito de la Costa Brava para 2013 via @comunicatur\" data-count=\"horizontal\" href=\"http:\/\/twitter.com\/share\" target=\"_blank\" rel=\"noopener\">Tweet<\/a><\/p>\n<p><script type=\"text\/javascript\" src=\"http:\/\/platform.twitter.com\/widgets.js\"><\/script><\/p>\n<p><a href=\"https:\/\/www.comunicatur.info\">[HOME]<\/a><\/p>\n","protected":false},"excerpt":{"rendered":"<p>El Patronato de Turismo Costa Brava Girona est\u00e1 trabajando para poner en marcha este a\u00f1o 2013 el nuevo club de producto Turismo de Cultura e Identidad de las comarcas gerundenses. El objetivo del nuevo Club es aglutinar toda la oferta y potenciar el destino de manera segmentada en los principales mercados emisores.<\/p>\n","protected":false},"author":1,"featured_media":0,"comment_status":"close","ping_status":"open","sticky":false,"template":"","format":"standard","meta":[],"categories":[19],"tags":[],"_links":{"self":[{"href":"https:\/\/www.comunicatur.info\/es\/wp-json\/wp\/v2\/posts\/4329"}],"collection":[{"href":"https:\/\/www.comunicatur.info\/es\/wp-json\/wp\/v2\/posts"}],"about":[{"href":"https:\/\/www.comunicatur.info\/es\/wp-json\/wp\/v2\/types\/post"}],"author":[{"embeddable":true,"href":"https:\/\/www.comunicatur.info\/es\/wp-json\/wp\/v2\/users\/1"}],"replies":[{"embeddable":true,"href":"https:\/\/www.comunicatur.info\/es\/wp-json\/wp\/v2\/comments?post=4329"}],"version-history":[{"count":0,"href":"https:\/\/www.comunicatur.info\/es\/wp-json\/wp\/v2\/posts\/4329\/revisions"}],"wp:attachment":[{"href":"https:\/\/www.comunicatur.info\/es\/wp-json\/wp\/v2\/media?parent=4329"}],"wp:term":[{"taxonomy":"category","embeddable":true,"href":"https:\/\/www.comunicatur.info\/es\/wp-json\/wp\/v2\/categories?post=4329"},{"taxonomy":"post_tag","embeddable":true,"href":"https:\/\/www.comunicatur.info\/es\/wp-json\/wp\/v2\/tags?post=4329"}],"curies":[{"name":"wp","href":"https:\/\/api.w.org\/{rel}","templated":true}]}}