{"id":4322,"date":"2013-01-11T00:00:00","date_gmt":"2013-01-11T00:00:00","guid":{"rendered":"https:\/\/comunicatur.info\/els-clients-dels-campings-podran-ser-propietaris-dels-mobilhomes-2\/"},"modified":"2013-01-11T00:00:00","modified_gmt":"2013-01-11T00:00:00","slug":"els-clients-dels-campings-podran-ser-propietaris-dels-mobilhomes-2","status":"publish","type":"post","link":"https:\/\/www.comunicatur.info\/es\/els-clients-dels-campings-podran-ser-propietaris-dels-mobilhomes-2\/","title":{"rendered":"Los campistas podr\u00e1n ser propietarios de los mobilhomes"},"content":{"rendered":"\n<p>El nuevo Decreto de alojamientos tur\u00edsticos de Catalu\u00f1a recoge una de las demandas del sector del camping, la posibilidad de que los clientes puedan ser propietarios de la instalaci\u00f3n y pagar s\u00f3lo el alquiler de la parcela. La nueva regulaci\u00f3n, no ha contemplado el incremento de la superficie del camping que se puede dedicar a bungalows y mobilhomes.<\/p>\n<p>Las caravanas y las tradicionales tiendas de acampada est\u00e1n cayendo en desuso. Los empresarios del camping quer\u00edan adaptarse a las nuevas demandas. La posibilidad de tener diferentes tipolog\u00edas de alojamiento con diferentes precios son una garant\u00eda para cubrir el negocio. Cada vez m\u00e1s los clientes de los campings ped\u00edan este tipo de instalaciones y la normativa catalana limitaba la propiedad. Hasta un 50% de la superficie del camping se puede dedicar a instalaciones fijas y semim\u00f3viles, un aspecto tambi\u00e9n demandado por el sector era incrementar este porcentaje pero que en este caso no ha variado la legislaci\u00f3n. <\/p>\n<p>El sector del camping catal\u00e1n se ha apresurado a desmentir cualquier cr\u00edtica sobre la posibilidad de que con la nueva normativa los campings se conviertan en \u00e1mbitos residenciales privados. Que los clientes tengan la propiedad de una instalaci\u00f3n no quiere decir que sean segundas residencias o se deval\u00fae la filosof\u00eda de los campings. De hecho, el camping contin\u00faa siendo propietario de la parcela y la situaci\u00f3n respecto al cliente es la misma que con los clientes de caravanas.<\/p>\n<p><a type=\"button_count\" name=\"fb_share\"><\/a><\/p>\n<p><script src=\"http:\/\/static.ak.fbcdn.net\/connect.php\/js\/FB.Share\" type=\"text\/javascript\"><\/script><\/p>\n<p><a class=\"twitter-share-button\" data-lang=\"es\" data-text=\" Los clientes de campings catalanes podr\u00e1n ser propietarios de los mobilhomes v\u00eda @comunicatur\" data-count=\"horizontal\" href=\"http:\/\/twitter.com\/share\" target=\"_blank\" rel=\"noopener\">Tweet<\/a><\/p>\n<p><script type=\"text\/javascript\" src=\"http:\/\/platform.twitter.com\/widgets.js\"><\/script><\/p>\n","protected":false},"excerpt":{"rendered":"\n<p>El nuevo Decreto de alojamientos tur\u00edsticos de Catalu\u00f1a recoge una de las demandas del sector del camping, la posibilidad de que los clientes puedan ser propietarios de la instalaci\u00f3n y pagar s\u00f3lo el alquiler de la parcela. La nueva regulaci\u00f3n, no ha contemplado el incremento de la superficie del camping que se puede dedicar a bungalows y mobilhomes.<\/p>\n","protected":false},"author":1,"featured_media":0,"comment_status":"close","ping_status":"open","sticky":false,"template":"","format":"standard","meta":[],"categories":[27],"tags":[],"_links":{"self":[{"href":"https:\/\/www.comunicatur.info\/es\/wp-json\/wp\/v2\/posts\/4322"}],"collection":[{"href":"https:\/\/www.comunicatur.info\/es\/wp-json\/wp\/v2\/posts"}],"about":[{"href":"https:\/\/www.comunicatur.info\/es\/wp-json\/wp\/v2\/types\/post"}],"author":[{"embeddable":true,"href":"https:\/\/www.comunicatur.info\/es\/wp-json\/wp\/v2\/users\/1"}],"replies":[{"embeddable":true,"href":"https:\/\/www.comunicatur.info\/es\/wp-json\/wp\/v2\/comments?post=4322"}],"version-history":[{"count":0,"href":"https:\/\/www.comunicatur.info\/es\/wp-json\/wp\/v2\/posts\/4322\/revisions"}],"wp:attachment":[{"href":"https:\/\/www.comunicatur.info\/es\/wp-json\/wp\/v2\/media?parent=4322"}],"wp:term":[{"taxonomy":"category","embeddable":true,"href":"https:\/\/www.comunicatur.info\/es\/wp-json\/wp\/v2\/categories?post=4322"},{"taxonomy":"post_tag","embeddable":true,"href":"https:\/\/www.comunicatur.info\/es\/wp-json\/wp\/v2\/tags?post=4322"}],"curies":[{"name":"wp","href":"https:\/\/api.w.org\/{rel}","templated":true}]}}