{"id":4320,"date":"2013-01-07T00:00:00","date_gmt":"2013-01-07T00:00:00","guid":{"rendered":"https:\/\/comunicatur.info\/els-paradors-de-turisme-catalans-tancaran-40-dies-lany-2\/"},"modified":"2013-01-07T00:00:00","modified_gmt":"2013-01-07T00:00:00","slug":"els-paradors-de-turisme-catalans-tancaran-40-dies-lany-2","status":"publish","type":"post","link":"https:\/\/www.comunicatur.info\/es\/els-paradors-de-turisme-catalans-tancaran-40-dies-lany-2\/","title":{"rendered":"Los Paraderos de Turismo catalanes cerrar\u00e1n 40 d\u00edas al a\u00f1o"},"content":{"rendered":"<p>La negociaci&oacute;n entre sindicatos y la empresa p&uacute;blica Paradores de Turismo determina para los paraderos catalanes de Aiguablava (Girona), Arties (Lleida), Cardona (Barcelona), la Seu d&#8217;Urgell (Lleida), Vic-Sau (Barcelona) y Viella (Lleida) un cierre vacacional de 40 d&iacute;as al a&ntilde;o y no de los 5 meses que hab&iacute;a anunciado la empresa. La Generalitat, por su parte, ha pedido el traspaso de la competencia en la gesti&oacute;n de los establecimientos ubicados en Catalu&ntilde;a.<\/p>\n<p><\/p>\n<p>Paraderos ha confirmado que el &uacute;nico cierre definitivo de establecimiento ser&aacute; el de Puerto Lumbreras (Murcia). Se salvan del cierre total los de Albacete, Manzanares (Ciudad Real), Ayamonte (Huelva), Ferrol (A Coru&ntilde;a), Teruel y Ver&iacute;n (Ourense). Respecto a los despidos, se reducen de los 644 previstos en un inicio, a 350, con una indemnizaci&oacute;n de 25 d&iacute;as por a&ntilde;o trabajado con un m&aacute;ximo de 20 mensualidades, y se establece la posibilidad de que los trabajadores se puedan acoger a un plan de adhesiones voluntarias a las condiciones de extinci&oacute;n de los contratos de trabajo incluidos al despido colectivo.<\/p>\n<p><strong>La Generalitat pide gestionar los paradores desde Catalu&ntilde;a<\/strong><\/p>\n<p>La directora general de Turismo de la Generalitat, Marian Muro, ha valorado el acuerdo de ERE en Paradores de Turismo, y ha se&ntilde;alado que el Gobierno catal&aacute;n trabaja para solicitar la gesti&oacute;n de estos equipamientos en Catalu&ntilde;a. Ha destacado que el acuerdo contempla cierres de 40 d&iacute;as frente a los cinco meses planteados al inicio de las negociaciones, y ha remarcado que los Paradores son un activo tur&iacute;stico &quot;important&iacute;simo&quot; para los municipios, cuyos alcaldes se reunir&aacute;n con el conseller de Empresa y Empleo, Felip Puig, para valorar el impacto del acuerdo.<\/p>\n<p>Ha explicado que tambi&eacute;n se valorar&aacute; el acuerdo junto con la Secretar&iacute;a de Estado de Turismo, y que se solicitar&aacute; al Estado la gesti&oacute;n de los Paradores desde la proximidad, al considerar que ha llegado el momento de avanzar en este &quot;requerimiento hist&oacute;rico&quot; de Catalu&ntilde;a.\/Ag EP<\/p>\n<p><a type=\"button_count\" name=\"fb_share\"><\/a><\/p>\n<p><script src=\"http:\/\/static.ak.fbcdn.net\/connect.php\/js\/FB.Share\" type=\"text\/javascript\"><\/script> <\/p>\n<p><a class=\"twitter-share-button\" data-text=\"Los Paraderos de Turismo catalanes cerrar\u00e1n 40 d\u00edas al a\u00f1o v\u00eda @comunicatur\" data-lang=\"es\" data-count=\"horizontal\" href=\"http:\/\/twitter.com\/share\" target=\"_blank\" rel=\"noopener\">Tweet<\/a><\/p>\n<p><script type=\"text\/javascript\" src=\"http:\/\/platform.twitter.com\/widgets.js\"><\/script> <\/p>\n<p><a href=\"https:\/\/www.comunicatur.info\">[HOME]<\/a><\/p>\n","protected":false},"excerpt":{"rendered":"<p>La negociaci&oacute;n entre sindicatos y la empresa p&uacute;blica Paradores de Turismo determina para los paraderos catalanes de Aiguablava (Girona), Arties (Lleida), Cardona (Barcelona), la Seu d&#8217;Urgell (Lleida), Vic-Sau (Barcelona) y Viella (Lleida) un cierre vacacional de 40 d&iacute;as al a&ntilde;o y no de los 5 meses que hab&iacute;a anunciado la empresa. La Generalitat, por su parte, ha pedido el traspaso de la competencia en la gesti&oacute;n de los establecimientos ubicados en Catalu&ntilde;a.<\/p>\n","protected":false},"author":1,"featured_media":0,"comment_status":"close","ping_status":"open","sticky":false,"template":"","format":"standard","meta":[],"categories":[26],"tags":[],"_links":{"self":[{"href":"https:\/\/www.comunicatur.info\/es\/wp-json\/wp\/v2\/posts\/4320"}],"collection":[{"href":"https:\/\/www.comunicatur.info\/es\/wp-json\/wp\/v2\/posts"}],"about":[{"href":"https:\/\/www.comunicatur.info\/es\/wp-json\/wp\/v2\/types\/post"}],"author":[{"embeddable":true,"href":"https:\/\/www.comunicatur.info\/es\/wp-json\/wp\/v2\/users\/1"}],"replies":[{"embeddable":true,"href":"https:\/\/www.comunicatur.info\/es\/wp-json\/wp\/v2\/comments?post=4320"}],"version-history":[{"count":0,"href":"https:\/\/www.comunicatur.info\/es\/wp-json\/wp\/v2\/posts\/4320\/revisions"}],"wp:attachment":[{"href":"https:\/\/www.comunicatur.info\/es\/wp-json\/wp\/v2\/media?parent=4320"}],"wp:term":[{"taxonomy":"category","embeddable":true,"href":"https:\/\/www.comunicatur.info\/es\/wp-json\/wp\/v2\/categories?post=4320"},{"taxonomy":"post_tag","embeddable":true,"href":"https:\/\/www.comunicatur.info\/es\/wp-json\/wp\/v2\/tags?post=4320"}],"curies":[{"name":"wp","href":"https:\/\/api.w.org\/{rel}","templated":true}]}}