{"id":4312,"date":"2013-01-09T00:00:00","date_gmt":"2013-01-09T00:00:00","guid":{"rendered":"https:\/\/comunicatur.info\/lanella-cicloturista-pirinexus-a-punt-per-primavera-2\/"},"modified":"2013-01-09T00:00:00","modified_gmt":"2013-01-09T00:00:00","slug":"lanella-cicloturista-pirinexus-a-punt-per-primavera-2","status":"publish","type":"post","link":"https:\/\/www.comunicatur.info\/es\/lanella-cicloturista-pirinexus-a-punt-per-primavera-2\/","title":{"rendered":"La anilla cicloturista Pirinexus, a punto para la primavera"},"content":{"rendered":"<p>La pr\u00f3xima primavera entrar\u00e1 en servicio Pirinexus, la anilla ciclotur\u00edstica transfronteriza que conecta las comarcas gerundenses con el sur de Francia aprovechando las redes de v\u00edas verdes y de cicloturisme existentes.<\/p>\n<p><\/p>\n<p>Este proyecto lo desarrollan, conjuntamente y desde hace dos a\u00f1os, el Consell G\u00e9n\u00e9ral des Pyr\u00e9n\u00e9es-Orientales, el Pays Pyr\u00e9n\u00e9es-M\u00e9diterran\u00e9e y el Consorcio de las V\u00edas Verdes de Girona.<\/p>\n<p>Est\u00e1 previsto que esta ruta ciclotur\u00edstica se acabe el 31 de marzo. Tendr\u00e1 353 kil\u00f3metros de largo, pasa por 53 poblaciones diferentes y 8 comarcas y la se\u00f1alizaci\u00f3n contar\u00e1 con 700 indicadores.<\/p>\n<p>Seg\u00fan el Consell Comarcal de l\u2019Alt Empord\u00e0, muy implicado en el proyecto, \u201cla ruta Pirinexus es una herramienta dinamizadora del territorio, que pone de relieve el gran patrimonio natural y cultural de la zona por donde pasar\u00e1 en ambos lados de la frontera, y consideramos que contribuir\u00e1 a atraer un turismo activo y de calidad, sostenible y respetuoso con el medio\u201d.<\/p>\n<p><a type=\"button_count\" name=\"fb_share\"><\/a><\/p>\n<p><script src=\"http:\/\/static.ak.fbcdn.net\/connect.php\/js\/FB.Share\" type=\"text\/javascript\"><\/script><\/p>\n<p><a class=\"twitter-share-button\" data-lang=\"es\" data-text=\"La anilla cicloturista Pirinexus, a punto para la primavera via @comunicatur\" data-count=\"horizontal\" href=\"http:\/\/twitter.com\/share\" target=\"_blank\" rel=\"noopener\">Tweet<\/a><\/p>\n<p><script type=\"text\/javascript\" src=\"http:\/\/platform.twitter.com\/widgets.js\"><\/script><\/p>\n<p><a href=\"https:\/\/www.comunicatur.info\">[HOME]<\/a><\/p>\n","protected":false},"excerpt":{"rendered":"<p>La pr\u00f3xima primavera entrar\u00e1 en servicio Pirinexus, la anilla ciclotur\u00edstica transfronteriza que conecta las comarcas gerundenses con el sur de Francia aprovechando las redes de v\u00edas verdes y de cicloturisme existentes.<\/p>\n","protected":false},"author":1,"featured_media":0,"comment_status":"close","ping_status":"open","sticky":false,"template":"","format":"standard","meta":[],"categories":[19],"tags":[],"_links":{"self":[{"href":"https:\/\/www.comunicatur.info\/es\/wp-json\/wp\/v2\/posts\/4312"}],"collection":[{"href":"https:\/\/www.comunicatur.info\/es\/wp-json\/wp\/v2\/posts"}],"about":[{"href":"https:\/\/www.comunicatur.info\/es\/wp-json\/wp\/v2\/types\/post"}],"author":[{"embeddable":true,"href":"https:\/\/www.comunicatur.info\/es\/wp-json\/wp\/v2\/users\/1"}],"replies":[{"embeddable":true,"href":"https:\/\/www.comunicatur.info\/es\/wp-json\/wp\/v2\/comments?post=4312"}],"version-history":[{"count":0,"href":"https:\/\/www.comunicatur.info\/es\/wp-json\/wp\/v2\/posts\/4312\/revisions"}],"wp:attachment":[{"href":"https:\/\/www.comunicatur.info\/es\/wp-json\/wp\/v2\/media?parent=4312"}],"wp:term":[{"taxonomy":"category","embeddable":true,"href":"https:\/\/www.comunicatur.info\/es\/wp-json\/wp\/v2\/categories?post=4312"},{"taxonomy":"post_tag","embeddable":true,"href":"https:\/\/www.comunicatur.info\/es\/wp-json\/wp\/v2\/tags?post=4312"}],"curies":[{"name":"wp","href":"https:\/\/api.w.org\/{rel}","templated":true}]}}