{"id":4301,"date":"2012-12-21T00:00:00","date_gmt":"2012-12-21T00:00:00","guid":{"rendered":"https:\/\/comunicatur.info\/enllestit-el-pla-de-turisme-de-catalunya-2012-2020-2\/"},"modified":"2012-12-21T00:00:00","modified_gmt":"2012-12-21T00:00:00","slug":"enllestit-el-pla-de-turisme-de-catalunya-2012-2020-2","status":"publish","type":"post","link":"https:\/\/www.comunicatur.info\/es\/enllestit-el-pla-de-turisme-de-catalunya-2012-2020-2\/","title":{"rendered":"Listo el Plan de Turismo de Catalu\u00f1a 2012-2020"},"content":{"rendered":"<p>La elaboraci\u00f3n de este plan, integrado por el Plan Estrat\u00e9gico de Turismo de Catalu\u00f1a (2012-2016), las Directrices Nacionales de Turismo 2020 y el Plan de Marketing Tur\u00edstico, aseguran desde la Generalitat, \u201cha contado con una ampl\u00edsima participaci\u00f3n y la aportaci\u00f3n de agentes, tanto p\u00fablicos como privados, del sector tur\u00edstico\u201d.<\/p>\n<p><\/p>\n<p>Seg\u00fan sus responsables \u201ces el primero de estas caracter\u00edsticas que se realiza en el \u00e1mbito del turismo en Catalu\u00f1a y que afecta de manera integral a las pol\u00edticas de los diferentes Departamentos\u201d.<\/p>\n<p><b>Ejes b\u00e1sicos del Plan de Turismo<\/p>\n<p><\/b><\/p>\n<p>El reto principal de Catalu\u00f1a es reforzar la calidad, haci\u00e9ndola compatible con la cantidad de turistas que recibe. El Plan Estrat\u00e9gico de Turismo opta por un modelo de competitividad basado en:<\/p>\n<p>&#8211; El turismo como proyecto global de internacionalizaci\u00f3n que afecta a todo el territorio.<\/p>\n<p>&#8211; Catalu\u00f1a como destino de destinos, que deben funcionar de forma integrada y coordinada, sin renunciar a su singularidad.<\/p>\n<p>&#8211; Una oferta de calidad orientada a una demanda de calidad.<\/p>\n<p>&#8211; Una direcci\u00f3n de turismo transversal. <\/p>\n<p>&#8211; Excelencia, donde la formaci\u00f3n, la innovaci\u00f3n, el conocimiento de los idiomas y el uso avanzado de las nuevas tecnolog\u00edas de la comunicaci\u00f3n son elementos clave.<\/p>\n<p>En lo que se refiere al Plan de Marketing Tur\u00edstico, estas son sus l\u00edneas principales:<\/p>\n<p>&#8211; Conseguir una marca tur\u00edstica \u201cCatalunya\u201d m\u00e1s poderosa.<\/p>\n<p>&#8211; Orientar el marketing tur\u00edstico para fidelizar turistas y para continuar captando nuevos.<\/p>\n<p>&#8211; Priorizar las actuaciones de marketing online ante la acci\u00f3n promocional offline.<\/p>\n<p>&#8211; Unas oficinas en el exterior con un rol m\u00e1s relevante.<\/p>\n<p>&#8211; Incrementar la colaboraci\u00f3n y la coordinaci\u00f3n con el sector, tanto p\u00fablico como privado.<\/p>\n<p><a type=\"button_count\" name=\"fb_share\"><\/a><\/p>\n<p><script src=\"http:\/\/static.ak.fbcdn.net\/connect.php\/js\/FB.Share\" type=\"text\/javascript\"><\/script><\/p>\n<p><a class=\"twitter-share-button\" data-lang=\"es\" data-text=\"Listo el Plan de Turismo de Catalu\u00f1a 2012-2020 via @comunicatur\" data-count=\"horizontal\" href=\"http:\/\/twitter.com\/share\" target=\"_blank\" rel=\"noopener\">Tweet<\/a><\/p>\n<p><script type=\"text\/javascript\" src=\"http:\/\/platform.twitter.com\/widgets.js\"><\/script><\/p>\n<p><a href=\"https:\/\/www.comunicatur.info\">[HOME]<\/a><\/p>\n","protected":false},"excerpt":{"rendered":"<p>La elaboraci\u00f3n de este plan, integrado por el Plan Estrat\u00e9gico de Turismo de Catalu\u00f1a (2012-2016), las Directrices Nacionales de Turismo 2020 y el Plan de Marketing Tur\u00edstico, aseguran desde la Generalitat, \u201cha contado con una ampl\u00edsima participaci\u00f3n y la aportaci\u00f3n de agentes, tanto p\u00fablicos como privados, del sector tur\u00edstico\u201d.<\/p>\n","protected":false},"author":1,"featured_media":0,"comment_status":"close","ping_status":"open","sticky":false,"template":"","format":"standard","meta":[],"categories":[18],"tags":[],"_links":{"self":[{"href":"https:\/\/www.comunicatur.info\/es\/wp-json\/wp\/v2\/posts\/4301"}],"collection":[{"href":"https:\/\/www.comunicatur.info\/es\/wp-json\/wp\/v2\/posts"}],"about":[{"href":"https:\/\/www.comunicatur.info\/es\/wp-json\/wp\/v2\/types\/post"}],"author":[{"embeddable":true,"href":"https:\/\/www.comunicatur.info\/es\/wp-json\/wp\/v2\/users\/1"}],"replies":[{"embeddable":true,"href":"https:\/\/www.comunicatur.info\/es\/wp-json\/wp\/v2\/comments?post=4301"}],"version-history":[{"count":0,"href":"https:\/\/www.comunicatur.info\/es\/wp-json\/wp\/v2\/posts\/4301\/revisions"}],"wp:attachment":[{"href":"https:\/\/www.comunicatur.info\/es\/wp-json\/wp\/v2\/media?parent=4301"}],"wp:term":[{"taxonomy":"category","embeddable":true,"href":"https:\/\/www.comunicatur.info\/es\/wp-json\/wp\/v2\/categories?post=4301"},{"taxonomy":"post_tag","embeddable":true,"href":"https:\/\/www.comunicatur.info\/es\/wp-json\/wp\/v2\/tags?post=4301"}],"curies":[{"name":"wp","href":"https:\/\/api.w.org\/{rel}","templated":true}]}}