{"id":4273,"date":"2012-12-07T00:00:00","date_gmt":"2012-12-07T00:00:00","guid":{"rendered":"https:\/\/comunicatur.info\/barcelona-cobrara-als-turistes-per-accedir-al-park-guell-2\/"},"modified":"2012-12-07T00:00:00","modified_gmt":"2012-12-07T00:00:00","slug":"barcelona-cobrara-als-turistes-per-accedir-al-park-guell-2","status":"publish","type":"post","link":"https:\/\/www.comunicatur.info\/es\/barcelona-cobrara-als-turistes-per-accedir-al-park-guell-2\/","title":{"rendered":"Barcelona cobrar\u00e1 entrada a los turistas en el parque G\u00fcell"},"content":{"rendered":"<p>El Ayuntamiento de Barcelona limitar&aacute; el acceso a la zona monumental del parque G&uuml;ell, Patrimonio de la Humanidad, a 900 visitantes la hora en horario tur&iacute;stico &ndash;durante las horas diurnas-. Los turistas deber&aacute;n pagar entre 5 y 10 euros y reservar d&iacute;a y hora de visita. Los autocares tur&iacute;sticos tambi&eacute;n tendr&aacute;n una regulaci&oacute;n especial para estacionar en la zona.<\/p>\n<p><\/p>\n<p>El nuevo sistema de cobro est&aacute; previsto que se inicie a partir de octubre del 2013, cuando entre en funcionamiento un sistema de regulaci&oacute;n de la entrada que gestionar&aacute; la empresa municipal Barcelona de Servicios Municipales. Por su parte, los autocares deber&aacute;n estacionar en una zona especificada y en caso de no encontrar sitio no podr&aacute;n dejar bajar a los turistas de los veh&iacute;culos.<\/p>\n<p>El Ayuntamiento de Barcelona ha pospuesto en varias ocasiones la entrada en vigor de esta medida. Finalmente ha decidido que sea en oto&ntilde;o de 2013, una &eacute;poca de menor presi&oacute;n tur&iacute;stica.<\/p>\n<p>El consistorio ha querido ordenar la actividad tur&iacute;stica en la ciudad en los &uacute;ltimos tiempos y ha ido tomando decisiones en este sentido que no siempre han contado con la aceptaci&oacute;n de los operadores. En este sentido se enmarcan las restricciones para la circulaci&oacute;n de autocares tur&iacute;sticos en la Sagrada Familia. La Asociaci&oacute;n Catalana de Agencias de Viajes (ACAV) ha afirmado que esta decisi&oacute;n ha provocado ya una ca&iacute;da del 10% de las visitas al templo. Seg&uacute;n informan, muchos turistas de crucero descartan la visita a la bas&iacute;lica porque el estacionamiento del autocar en zonas alejadas al templo provoca que la excursi&oacute;n se alargue un 50% m&aacute;s.<\/p>\n<p>El Parque G&uuml;ell recibe 9 millones de visitantes al a&ntilde;o, 25.000 al d&iacute;a, y s&oacute;lo un 2,4% son barceloneses. Los vecinos empadronados en los cinco barrios colindantes al parque tendr&aacute;n libertad de paso sin pagar, y se crear&aacute; el carn&eacute; club Park G&uuml;ell, que beneficiar&aacute; expresamente a los ciudadanos de la capital ya que permitir&aacute; entrar gratis siempre que se solicite con siete d&iacute;as de antelaci&oacute;n person&aacute;ndose f&iacute;sicamente en una oficina.<\/p>\n<p><a type=\"button_count\" name=\"fb_share\"><\/a><\/p>\n<p><script src=\"http:\/\/static.ak.fbcdn.net\/connect.php\/js\/FB.Share\" type=\"text\/javascript\"><\/script> <\/p>\n<p><a class=\"twitter-share-button\" data-lang=\"es\" data-text=\" Barcelona cobrar\u00e1 a los turistas por entrar en el parque G\u00fcell v\u00eda @comunicatur\" data-count=\"horizontal\" href=\"http:\/\/twitter.com\/share\" target=\"_blank\" rel=\"noopener\">Tweet<\/a><\/p>\n<p><script type=\"text\/javascript\" src=\"http:\/\/platform.twitter.com\/widgets.js\"><\/script> <\/p>\n<p><a href=\"https:\/\/www.comunicatur.info\">[HOME]<\/a><\/p>\n","protected":false},"excerpt":{"rendered":"<p>El Ayuntamiento de Barcelona limitar&aacute; el acceso a la zona monumental del parque G&uuml;ell, Patrimonio de la Humanidad, a 900 visitantes la hora en horario tur&iacute;stico &ndash;durante las horas diurnas-. Los turistas deber&aacute;n pagar entre 5 y 10 euros y reservar d&iacute;a y hora de visita. Los autocares tur&iacute;sticos tambi&eacute;n tendr&aacute;n una regulaci&oacute;n especial para estacionar en la zona.<\/p>\n","protected":false},"author":1,"featured_media":0,"comment_status":"close","ping_status":"open","sticky":false,"template":"","format":"standard","meta":[],"categories":[19],"tags":[],"_links":{"self":[{"href":"https:\/\/www.comunicatur.info\/es\/wp-json\/wp\/v2\/posts\/4273"}],"collection":[{"href":"https:\/\/www.comunicatur.info\/es\/wp-json\/wp\/v2\/posts"}],"about":[{"href":"https:\/\/www.comunicatur.info\/es\/wp-json\/wp\/v2\/types\/post"}],"author":[{"embeddable":true,"href":"https:\/\/www.comunicatur.info\/es\/wp-json\/wp\/v2\/users\/1"}],"replies":[{"embeddable":true,"href":"https:\/\/www.comunicatur.info\/es\/wp-json\/wp\/v2\/comments?post=4273"}],"version-history":[{"count":0,"href":"https:\/\/www.comunicatur.info\/es\/wp-json\/wp\/v2\/posts\/4273\/revisions"}],"wp:attachment":[{"href":"https:\/\/www.comunicatur.info\/es\/wp-json\/wp\/v2\/media?parent=4273"}],"wp:term":[{"taxonomy":"category","embeddable":true,"href":"https:\/\/www.comunicatur.info\/es\/wp-json\/wp\/v2\/categories?post=4273"},{"taxonomy":"post_tag","embeddable":true,"href":"https:\/\/www.comunicatur.info\/es\/wp-json\/wp\/v2\/tags?post=4273"}],"curies":[{"name":"wp","href":"https:\/\/api.w.org\/{rel}","templated":true}]}}