{"id":4221,"date":"2012-11-12T00:00:00","date_gmt":"2012-11-12T00:00:00","guid":{"rendered":"https:\/\/comunicatur.info\/catalunya-aprofita-el-ganxo-del-barca-2\/"},"modified":"2012-11-12T00:00:00","modified_gmt":"2012-11-12T00:00:00","slug":"catalunya-aprofita-el-ganxo-del-barca-2","status":"publish","type":"post","link":"https:\/\/www.comunicatur.info\/es\/catalunya-aprofita-el-ganxo-del-barca-2\/","title":{"rendered":"Catalu\u00f1a aprovecha el \u00abgancho\u00bb del Bar\u00e7a"},"content":{"rendered":"<p>El Bar\u00e7a y la marca tur\u00edstica \u201cCatalunya\u201d ir\u00e1n de la mano en la promoci\u00f3n internacional y la Agencia Catalana de Turismo ser\u00e1 colaborador oficial de la Gira de Verano 2013 del club azulgrana.<\/p>\n<p><\/p>\n<p>Fruto de un acuerdo de colaboraci\u00f3n, hasta el mes de junio de 2014, y entre otras acciones, el FC Barcelona promocionar\u00e1 la marca tur\u00edstica \u201cCatalunya\u201d a trav\u00e9s de sus canales de comunicaci\u00f3n, y ceder\u00e1 a la Agencia Catalana de Turismo (ACT) espacios para acciones de promoci\u00f3n, entradas para turoperadores, agencias de viajes, prensa y prescriptores tur\u00edsticos internacionales. Tanto en el portal web oficial, en el facebook y en el programa \u201cBar\u00e7a Fans\u201d del club azulgrana, se reforzar\u00e1 la presencia de la marca \u201cCatalunya\u201d.<\/p>\n<p>Por su parte, la ACT ceder\u00e1 al FC Barcelona una presencia destacada en sus canales de promoci\u00f3n con el objetivo que pueda posicionar en mercados emisores estrat\u00e9gicos sus productos tur\u00edsticos, entre ellos, el \u201cCamp Nou Experience\u201d y sus espacios y propuestas dirigidos al turismo de reuniones, eventos e incentivos.<\/p>\n<p>Adem\u00e1s, las dos instituciones har\u00e1n presentaciones conjuntas de Catalu\u00f1a ante turoperadores y medios de comunicaci\u00f3n locales, en aquellas ciudades d\u00f3nde el Bar\u00e7a dispute partidos de Champions League y que se consideren puntos estrat\u00e9gicos de emisi\u00f3n de turistas. En algunos casos, las presentaciones profesionales ir\u00e1n acompa\u00f1adas de actividades promocionales en la calle dirigidas al p\u00fablico final.<\/p>\n<p>En los \u00faltimos a\u00f1os el Bar\u00e7a ya ha trabajado conjuntamente con Turismo. Con este convenio se refuerza la colaboraci\u00f3n con el Gobierno de la Generalitat para dar a conocer Catalu\u00f1a desde el punto de vista tur\u00edstico.<\/p>\n<p><a type=\"button_count\" name=\"fb_share\"><\/a><\/p>\n<p><script src=\"http:\/\/static.ak.fbcdn.net\/connect.php\/js\/FB.Share\" type=\"text\/javascript\"><\/script><\/p>\n<p><a class=\"twitter-share-button\" data-text=\"@comunicatur\" data-lang=\"es\" data-count=\"horizontal\" href=\"http:\/\/twitter.com\/share\" target=\"_blank\" rel=\"noopener\">Tweet<\/a><\/p>\n<p><script type=\"text\/javascript\" src=\"http:\/\/platform.twitter.com\/widgets.js\"><\/script><\/p>\n<p><a href=\"https:\/\/www.comunicatur.info\">[HOME]<\/a><\/p>\n","protected":false},"excerpt":{"rendered":"<p>El Bar\u00e7a y la marca tur\u00edstica \u201cCatalunya\u201d ir\u00e1n de la mano en la promoci\u00f3n internacional y la Agencia Catalana de Turismo ser\u00e1 colaborador oficial de la Gira de Verano 2013 del club azulgrana.<\/p>\n","protected":false},"author":1,"featured_media":0,"comment_status":"close","ping_status":"open","sticky":false,"template":"","format":"standard","meta":[],"categories":[18],"tags":[],"_links":{"self":[{"href":"https:\/\/www.comunicatur.info\/es\/wp-json\/wp\/v2\/posts\/4221"}],"collection":[{"href":"https:\/\/www.comunicatur.info\/es\/wp-json\/wp\/v2\/posts"}],"about":[{"href":"https:\/\/www.comunicatur.info\/es\/wp-json\/wp\/v2\/types\/post"}],"author":[{"embeddable":true,"href":"https:\/\/www.comunicatur.info\/es\/wp-json\/wp\/v2\/users\/1"}],"replies":[{"embeddable":true,"href":"https:\/\/www.comunicatur.info\/es\/wp-json\/wp\/v2\/comments?post=4221"}],"version-history":[{"count":0,"href":"https:\/\/www.comunicatur.info\/es\/wp-json\/wp\/v2\/posts\/4221\/revisions"}],"wp:attachment":[{"href":"https:\/\/www.comunicatur.info\/es\/wp-json\/wp\/v2\/media?parent=4221"}],"wp:term":[{"taxonomy":"category","embeddable":true,"href":"https:\/\/www.comunicatur.info\/es\/wp-json\/wp\/v2\/categories?post=4221"},{"taxonomy":"post_tag","embeddable":true,"href":"https:\/\/www.comunicatur.info\/es\/wp-json\/wp\/v2\/tags?post=4221"}],"curies":[{"name":"wp","href":"https:\/\/api.w.org\/{rel}","templated":true}]}}