{"id":4193,"date":"2012-10-31T00:00:00","date_gmt":"2012-10-31T00:00:00","guid":{"rendered":"https:\/\/comunicatur.info\/beques-de-lact-per-formar-se-a-lestranger-2\/"},"modified":"2012-10-31T00:00:00","modified_gmt":"2012-10-31T00:00:00","slug":"beques-de-lact-per-formar-se-a-lestranger-2","status":"publish","type":"post","link":"https:\/\/www.comunicatur.info\/es\/beques-de-lact-per-formar-se-a-lestranger-2\/","title":{"rendered":"Becas de la ACT para formarse en el extranjero"},"content":{"rendered":"<p>En un momento en el que el acceso al mercado laboral es complicado, la Agencia Catalana de Turismo (ACT) ofrece la oportunidad de formarse en el \u00e1mbito de la promoci\u00f3n tur\u00edstica a trav\u00e9s de la concesi\u00f3n de sus becas anuales remuneradas.<\/p>\n<p><\/p>\n<p>La ACT ha abierto la convocatoria para 9 becarios que realizar\u00e1n pr\u00e1cticas durante el a\u00f1o 2013 \u2013con posibilidad de prorrogar la beca un a\u00f1o m\u00e1s- en las siguiente oficinas de promoci\u00f3n tur\u00edstica que la ACT tiene fuera de Catalu\u00f1a: Londres, Par\u00eds, Mil\u00e1n, Frankfurt y Bruselas. Adem\u00e1s, la convocatoria tambi\u00e9n contempla la incorporaci\u00f3n de un becario en el Punto de Informaci\u00f3n Tur\u00edstica que la ACT tiene en Madrid.<\/p>\n<p>La concesi\u00f3n de las becas responde, seg\u00fan la ACT, \u201ca un doble objetivo: formar profesionales en el \u00e1mbito del sector tur\u00edstico catal\u00e1n y proporcionarles una experiencia cualificada que les permita posteriormente incorporarse al mercado de trabajo\u201d.<\/p>\n<p>Para acceder a estas becas es necesario disponer, entre otros requisitos, de una titulaci\u00f3n universitaria, estar empadronado en Catalu\u00f1a como m\u00ednimo, desde hace un a\u00f1o, y no tener m\u00e1s de 30 a\u00f1os. Con respecto a la dotaci\u00f3n econ\u00f3mica, var\u00eda en funci\u00f3n del destino y oscila entre los 14.800 y los 22.400 euros para el a\u00f1o 2013.<\/p>\n<p>Las solicitudes pueden presentarse hasta el 19 de noviembre de 2012 (incluido). Desde que en 1997 surgi\u00f3 la primera promoci\u00f3n, ya han disfrutado de estas becas un total de 136 j\u00f3venes.<\/p>\n<p><a target=\"_blank\" href=\"http:\/\/www.act.cat\" rel=\"noopener\"> M\u00e1s informaci\u00f3n<\/a><\/p>\n<p><a type=\"button_count\" name=\"fb_share\"><\/a><\/p>\n<p><script src=\"http:\/\/static.ak.fbcdn.net\/connect.php\/js\/FB.Share\" type=\"text\/javascript\"><\/script><\/p>\n<p><a class=\"twitter-share-button\" data-text=\"@comunicatur\" data-lang=\"es\" data-count=\"horizontal\" href=\"http:\/\/twitter.com\/share\" target=\"_blank\" rel=\"noopener\">Tweet<\/a><\/p>\n<p><script type=\"text\/javascript\" src=\"http:\/\/platform.twitter.com\/widgets.js\"><\/script><\/p>\n<p><a href=\"https:\/\/www.comunicatur.info\">[HOME]<\/a><\/p>\n","protected":false},"excerpt":{"rendered":"<p>En un momento en el que el acceso al mercado laboral es complicado, la Agencia Catalana de Turismo (ACT) ofrece la oportunidad de formarse en el \u00e1mbito de la promoci\u00f3n tur\u00edstica a trav\u00e9s de la concesi\u00f3n de sus becas anuales remuneradas.<\/p>\n","protected":false},"author":1,"featured_media":0,"comment_status":"close","ping_status":"open","sticky":false,"template":"","format":"standard","meta":[],"categories":[152],"tags":[],"_links":{"self":[{"href":"https:\/\/www.comunicatur.info\/es\/wp-json\/wp\/v2\/posts\/4193"}],"collection":[{"href":"https:\/\/www.comunicatur.info\/es\/wp-json\/wp\/v2\/posts"}],"about":[{"href":"https:\/\/www.comunicatur.info\/es\/wp-json\/wp\/v2\/types\/post"}],"author":[{"embeddable":true,"href":"https:\/\/www.comunicatur.info\/es\/wp-json\/wp\/v2\/users\/1"}],"replies":[{"embeddable":true,"href":"https:\/\/www.comunicatur.info\/es\/wp-json\/wp\/v2\/comments?post=4193"}],"version-history":[{"count":0,"href":"https:\/\/www.comunicatur.info\/es\/wp-json\/wp\/v2\/posts\/4193\/revisions"}],"wp:attachment":[{"href":"https:\/\/www.comunicatur.info\/es\/wp-json\/wp\/v2\/media?parent=4193"}],"wp:term":[{"taxonomy":"category","embeddable":true,"href":"https:\/\/www.comunicatur.info\/es\/wp-json\/wp\/v2\/categories?post=4193"},{"taxonomy":"post_tag","embeddable":true,"href":"https:\/\/www.comunicatur.info\/es\/wp-json\/wp\/v2\/tags?post=4193"}],"curies":[{"name":"wp","href":"https:\/\/api.w.org\/{rel}","templated":true}]}}