{"id":4175,"date":"2012-10-16T00:00:00","date_gmt":"2012-10-16T00:00:00","guid":{"rendered":"https:\/\/comunicatur.info\/de-lenveja-a-la-satisfaccio-pels-altres-2\/"},"modified":"2012-10-16T00:00:00","modified_gmt":"2012-10-16T00:00:00","slug":"de-lenveja-a-la-satisfaccio-pels-altres-2","status":"publish","type":"post","link":"https:\/\/www.comunicatur.info\/es\/de-lenveja-a-la-satisfaccio-pels-altres-2\/","title":{"rendered":"De la envidia a la satisfacci\u00f3n por los dem\u00e1s"},"content":{"rendered":"<p><img alt=\"\" width=\"159\" height=\"152\" src=\"https:\/\/www.comunicatur.info\/cms\/images\/stories\/fotos\/joangou3.jpg\" \/><\/p>\n<p>La ubicaci&oacute;n de Barcelona World en las comarcas de Tarragona ha abierto el debate territorial entre el empresariado tur&iacute;stico.<\/p>\n<p><\/p>\n<p>El debate est&aacute; abierto en referencia a las inversiones millonarias que sobrevuelan Catalu&ntilde;a &uacute;ltimamente, sean de la mano de Sands (Adelson) o de Barcelona World.<\/p>\n<p>Hemos le&iacute;do en varios medios comentarios a favor y en contra -como siempre nunca llueve a gusto de todos- y si a&ntilde;adimos los intereses partidistas ya tenemos opiniones para todos los gustos.<\/p>\n<p>Lo que m&aacute;s me ha llamado la tenci&oacute;n han sido las opiniones de algunos l&iacute;deres sectoriales tur&iacute;sticos del pa&iacute;s -o dicho de otra manera, de algunos empresarios- que han manifestado su opini&oacute;n al respecto. Vayya por delante que todas las opiniones son respetables, aunque no todas sean compartidas.<\/p>\n<p>Encuentro muy d&eacute;bil el punto de vista de algunos compa&ntilde;eros empresarios del sector tur&iacute;stico a la hora de analizar las propuestas aunque a menudo desconocemos la letra peque&ntilde;a de los proyectos y s&oacute;lo sabemos emplazamiento probable, inversi&oacute;n y niveles de empleo futuro en caso de que el proyecto tire adelante, y poca cosa m&aacute;s.<\/p>\n<p>He le&iacute;do puntos de vista que rayan la envidia territorial, si se hacen desde Girona o comarcas, y duelen porque demuestra que la visi&oacute;n empresarial es muy corta.<\/p>\n<p>Es evidente que como empresario de las comarcas gerundenses, preferir&iacute;a que alguno de estos proyectos se hiciera aqu&iacute;. Personalmente no me desagrada que se hagan en un lugar vecino, es m&aacute;s, me alegra saber que como m&iacute;nimo cerca de casa hay grupos empresariales que tienen m&aacute;s empuje que nosotros. &iquest;Por qu&eacute; no pasamos del lloro y nos ponernos a trabajar para ser capaces de desarrollar proyectos de futuro para nuestras comarcas?<\/p>\n<p>El empresariado catal&aacute;n, y el que m&aacute;s conozco, el gerundense, est&aacute; muy acostumbrado a que nos saquen las casta&ntilde;as del fuego, siempre pidiendo a las distintas administraciones que asuman promociones e inversiones sin rascarnos el bolsillo. Me temo que esta situaci&oacute;n, en los tiempos que corren, ya se ha acabado y ahora hace falta ver de verdad qui&eacute;n tiene conocimientos y capacidad para tirar adelante sin el respaldo del dinero p&uacute;blico.<\/p>\n<p>No debemos ver esto como una cr&iacute;tica, mejor como un despertador que nos pone en marcha de buena ma&ntilde;ana, para iniciar por nosotros mismos proyectos de futuro. O como m&iacute;nimo para repensar los existentes, ponerlos al d&iacute;a para mirar de satisfacer a los pocos clientes que todav&iacute;a nos son fieles y est&aacute;n satisfechos de nuestros servicios.<\/p>\n<p>Yo me alegro que el Sr Adelson, haya escogido Madrid y que Barcelona World invierta en las comarcas de Tarragona, seguro que desde aqu&iacute;, las comarcas de Girona, tambi&eacute;n sacaremos provecho como hemos sabido hacerlo con Port Aventura.<\/p>\n<p><em><strong>Joan Gou i Campamar <br \/>\n<\/strong><\/em><\/p>\n<p><a type=\"button_count\" name=\"fb_share\"><\/a><\/p>\n<p><script src=\"http:\/\/static.ak.fbcdn.net\/connect.php\/js\/FB.Share\" type=\"text\/javascript\"><\/script> <\/p>\n<p><a class=\"twitter-share-button\" data-text=\"El debate territorial sobre las inversiones millonarias tur\u00edsticas que sobrevuelan Catalu\u00f1a, v\u00eda @comunicatur\" data-lang=\"es\" data-count=\"horizontal\" href=\"http:\/\/twitter.com\/share\" target=\"_blank\" rel=\"noopener\">Tweet<\/a><\/p>\n<p><script type=\"text\/javascript\" src=\"http:\/\/platform.twitter.com\/widgets.js\"><\/script> <\/p>\n<p><a href=\"https:\/\/www.comunicatur.info\">[HOME]<\/a><\/p>\n","protected":false},"excerpt":{"rendered":"<p><img alt=\"\" width=\"159\" height=\"152\" src=\"https:\/\/www.comunicatur.info\/cms\/images\/stories\/fotos\/joangou3.jpg\" \/><\/p>\n<p>La ubicaci&oacute;n de Barcelona World en las comarcas de Tarragona ha abierto el debate territorial entre el empresariado tur&iacute;stico.<\/p>\n","protected":false},"author":1,"featured_media":0,"comment_status":"close","ping_status":"open","sticky":false,"template":"","format":"standard","meta":[],"categories":[23],"tags":[],"_links":{"self":[{"href":"https:\/\/www.comunicatur.info\/es\/wp-json\/wp\/v2\/posts\/4175"}],"collection":[{"href":"https:\/\/www.comunicatur.info\/es\/wp-json\/wp\/v2\/posts"}],"about":[{"href":"https:\/\/www.comunicatur.info\/es\/wp-json\/wp\/v2\/types\/post"}],"author":[{"embeddable":true,"href":"https:\/\/www.comunicatur.info\/es\/wp-json\/wp\/v2\/users\/1"}],"replies":[{"embeddable":true,"href":"https:\/\/www.comunicatur.info\/es\/wp-json\/wp\/v2\/comments?post=4175"}],"version-history":[{"count":0,"href":"https:\/\/www.comunicatur.info\/es\/wp-json\/wp\/v2\/posts\/4175\/revisions"}],"wp:attachment":[{"href":"https:\/\/www.comunicatur.info\/es\/wp-json\/wp\/v2\/media?parent=4175"}],"wp:term":[{"taxonomy":"category","embeddable":true,"href":"https:\/\/www.comunicatur.info\/es\/wp-json\/wp\/v2\/categories?post=4175"},{"taxonomy":"post_tag","embeddable":true,"href":"https:\/\/www.comunicatur.info\/es\/wp-json\/wp\/v2\/tags?post=4175"}],"curies":[{"name":"wp","href":"https:\/\/api.w.org\/{rel}","templated":true}]}}