{"id":4151,"date":"2012-09-28T00:00:00","date_gmt":"2012-09-28T00:00:00","guid":{"rendered":"https:\/\/comunicatur.info\/a-debat-els-ajuts-economics-de-la-ue-per-promocio-turistica-2\/"},"modified":"2012-09-28T00:00:00","modified_gmt":"2012-09-28T00:00:00","slug":"a-debat-els-ajuts-economics-de-la-ue-per-promocio-turistica-2","status":"publish","type":"post","link":"https:\/\/www.comunicatur.info\/es\/a-debat-els-ajuts-economics-de-la-ue-per-promocio-turistica-2\/","title":{"rendered":"A debate las ayudas econ\u00f3micas de promoci\u00f3n de la UE"},"content":{"rendered":"<p>Seg\u00fan la diputada del Parlamento Europeo y miembro de la Comisi\u00f3n de Transporte y Turismo, In\u00e9s Ayala, en estos momentos en la Uni\u00f3n Europea se est\u00e1 debatiendo si los pa\u00edses que, como Espa\u00f1a, reciben ayudas econ\u00f3micas para promocionarse como destino tur\u00edstico y que concentran gran parte de las visitas, han de continuar recibiendo fondos europeos.<\/p>\n<p><\/p>\n<p>Pa\u00edses donantes como Alemania plantean \u00abno subvencionar\u00bb destinos como el espa\u00f1ol trat\u00e1ntdose de uno de los estados miembro acon una mayor recepci\u00f3n de visitas extranjeras. Desde la UE se contin\u00faa debatiendo mantener estas ayudas, as\u00ed como los programas y plataformas para ayudar y consolidar circuitos tur\u00edsticos bajo la marca europea.<\/p>\n<p>Ayala ha participado en el XII Foro organizado por la Asociaci\u00f3n Catalana de Agencias de Viajes (Acav). En el mismo acto, la directora general de Turismo, Marian Muro, ha destacado la \u00abmuy buena temporada del sector catal\u00e1n desde la perspectiva del turismo receptor\u00bb tras registrar un incremento del 14,7% en agosto respecto al mismo per\u00edodo de 2011.<\/p>\n<p>Muro tambi\u00e9n se ha mostrat optimista con las cifras acumuladas del 2012 que registran un crecimiento del 12,1%, aunque ha destacado que este crecimiento no se da de la misma manera en todo el territorio, por lo que el Gobierno catal\u00e1n ve necesario fomentar el turismo de interior y sus productos.<\/p>\n<p>La directora general tambi\u00e9n ha hablado del nuevo impuesto tur\u00edstico que se empezar\u00e1 a aplicar en Catalu\u00f1a a partir del pr\u00f3ximo 1 de noviembre y considera que es una buena medida para disponer de recursos con los que impulsar la competitividad de Catalu\u00f1a. Muro ha destacado el papel del sector privado en la toma de decisiones sobre el destino de la recaudaci\u00f3n obtenida y ha defendido que no hay precedentes en el que el sector privado decida, junto con la Administraci\u00f3n, en qu\u00e9 se destinar\u00e1 la recaudaci\u00f3n del impuesto.<\/p>\n<p>El director general del Instituto de Turismo de Espa\u00f1a, Manuel Butler, ha destacado que la medida, que ha tildado de liberal, va en la l\u00ednea del Gobierno espa\u00f1ol de involucrar el sector privado en la esfera p\u00fablica \u00abapostando en Espa\u00f1a por la cofinanciaci\u00f3n\u00bb de actividades.\/Ag.EP<\/p>\n<p><a type=\"button_count\" name=\"fb_share\"><\/a><\/p>\n<p><script src=\"http:\/\/static.ak.fbcdn.net\/connect.php\/js\/FB.Share\" type=\"text\/javascript\"><\/script><\/p>\n<p><a class=\"twitter-share-button\" data-text=\"@comunicatur\" data-lang=\"es\" data-count=\"horizontal\" href=\"http:\/\/twitter.com\/share\" target=\"_blank\" rel=\"noopener\">Tweet<\/a><\/p>\n<p><script type=\"text\/javascript\" src=\"http:\/\/platform.twitter.com\/widgets.js\"><\/script><\/p>\n<p><a href=\"https:\/\/www.comunicatur.info\">[HOME]<\/a><\/p>\n","protected":false},"excerpt":{"rendered":"<p>Seg\u00fan la diputada del Parlamento Europeo y miembro de la Comisi\u00f3n de Transporte y Turismo, In\u00e9s Ayala, en estos momentos en la Uni\u00f3n Europea se est\u00e1 debatiendo si los pa\u00edses que, como Espa\u00f1a, reciben ayudas econ\u00f3micas para promocionarse como destino tur\u00edstico y que concentran gran parte de las visitas, han de continuar recibiendo fondos europeos.<\/p>\n","protected":false},"author":1,"featured_media":0,"comment_status":"close","ping_status":"open","sticky":false,"template":"","format":"standard","meta":[],"categories":[18],"tags":[],"_links":{"self":[{"href":"https:\/\/www.comunicatur.info\/es\/wp-json\/wp\/v2\/posts\/4151"}],"collection":[{"href":"https:\/\/www.comunicatur.info\/es\/wp-json\/wp\/v2\/posts"}],"about":[{"href":"https:\/\/www.comunicatur.info\/es\/wp-json\/wp\/v2\/types\/post"}],"author":[{"embeddable":true,"href":"https:\/\/www.comunicatur.info\/es\/wp-json\/wp\/v2\/users\/1"}],"replies":[{"embeddable":true,"href":"https:\/\/www.comunicatur.info\/es\/wp-json\/wp\/v2\/comments?post=4151"}],"version-history":[{"count":0,"href":"https:\/\/www.comunicatur.info\/es\/wp-json\/wp\/v2\/posts\/4151\/revisions"}],"wp:attachment":[{"href":"https:\/\/www.comunicatur.info\/es\/wp-json\/wp\/v2\/media?parent=4151"}],"wp:term":[{"taxonomy":"category","embeddable":true,"href":"https:\/\/www.comunicatur.info\/es\/wp-json\/wp\/v2\/categories?post=4151"},{"taxonomy":"post_tag","embeddable":true,"href":"https:\/\/www.comunicatur.info\/es\/wp-json\/wp\/v2\/tags?post=4151"}],"curies":[{"name":"wp","href":"https:\/\/api.w.org\/{rel}","templated":true}]}}