{"id":4132,"date":"2012-10-09T00:00:00","date_gmt":"2012-10-09T00:00:00","guid":{"rendered":"https:\/\/comunicatur.info\/museus-targetes-de-presentacio-de-les-destinacions-2\/"},"modified":"2012-10-09T00:00:00","modified_gmt":"2012-10-09T00:00:00","slug":"museus-targetes-de-presentacio-de-les-destinacions-2","status":"publish","type":"post","link":"https:\/\/www.comunicatur.info\/es\/museus-targetes-de-presentacio-de-les-destinacions-2\/","title":{"rendered":"Museos, tarjetas de presentaci\u00f3n de los destinos"},"content":{"rendered":"<p>El 25 de octubre, el Museu del Port de Tarragona acoge la sesi\u00f3n &#8216;Patrimonio, turismo y territorio. II Jornada de la Red de Museos Mar\u00edtimos de la Costa Catalana&#8217; que cuenta con la colaboraci\u00f3n de la Universitat Rovira i Virgili.<\/p>\n<p><\/p>\n<p>La jornada pretende reflexionar sobre los puntos de contacto y las estrategias conjuntas que se pueden establecer entre patrimonio, turismo y territorio, teniendo en cuenta el papel clave que pueden jugar los museos y las manifestaciones culturales en esta relaci\u00f3n.<\/p>\n<p>Tarraco Viva, el Paisaje de los Genios, Poblet, el Museo Mar\u00edtimo de Barcelona, el Ecomuseo de las Valls d\u2019\u00c0neu o el mNACTEC protagonizan algunas de las ponencias de esta jornada donde la cultura quiere manifestar y poner en valor su contribuci\u00f3n a la hora de superar los retos de futuro, en este caso de los destinos tur\u00edsticos.<\/p>\n<p><a type=\"button_count\" name=\"fb_share\"><\/a><\/p>\n<p><script src=\"http:\/\/static.ak.fbcdn.net\/connect.php\/js\/FB.Share\" type=\"text\/javascript\"><\/script><\/p>\n<p><a class=\"twitter-share-button\" data-text=\"@comunicatur\" data-lang=\"es\" data-count=\"horizontal\" href=\"http:\/\/twitter.com\/share\" target=\"_blank\" rel=\"noopener\">Tweet<\/a><\/p>\n<p><script type=\"text\/javascript\" src=\"http:\/\/platform.twitter.com\/widgets.js\"><\/script><\/p>\n<p><a href=\"https:\/\/www.comunicatur.info\">[HOME]<\/a><\/p>\n","protected":false},"excerpt":{"rendered":"<p>El 25 de octubre, el Museu del Port de Tarragona acoge la sesi\u00f3n &#8216;Patrimonio, turismo y territorio. II Jornada de la Red de Museos Mar\u00edtimos de la Costa Catalana&#8217; que cuenta con la colaboraci\u00f3n de la Universitat Rovira i Virgili.<\/p>\n","protected":false},"author":1,"featured_media":0,"comment_status":"close","ping_status":"open","sticky":false,"template":"","format":"standard","meta":[],"categories":[19],"tags":[],"_links":{"self":[{"href":"https:\/\/www.comunicatur.info\/es\/wp-json\/wp\/v2\/posts\/4132"}],"collection":[{"href":"https:\/\/www.comunicatur.info\/es\/wp-json\/wp\/v2\/posts"}],"about":[{"href":"https:\/\/www.comunicatur.info\/es\/wp-json\/wp\/v2\/types\/post"}],"author":[{"embeddable":true,"href":"https:\/\/www.comunicatur.info\/es\/wp-json\/wp\/v2\/users\/1"}],"replies":[{"embeddable":true,"href":"https:\/\/www.comunicatur.info\/es\/wp-json\/wp\/v2\/comments?post=4132"}],"version-history":[{"count":0,"href":"https:\/\/www.comunicatur.info\/es\/wp-json\/wp\/v2\/posts\/4132\/revisions"}],"wp:attachment":[{"href":"https:\/\/www.comunicatur.info\/es\/wp-json\/wp\/v2\/media?parent=4132"}],"wp:term":[{"taxonomy":"category","embeddable":true,"href":"https:\/\/www.comunicatur.info\/es\/wp-json\/wp\/v2\/categories?post=4132"},{"taxonomy":"post_tag","embeddable":true,"href":"https:\/\/www.comunicatur.info\/es\/wp-json\/wp\/v2\/tags?post=4132"}],"curies":[{"name":"wp","href":"https:\/\/api.w.org\/{rel}","templated":true}]}}