{"id":410,"date":"2008-06-26T00:00:00","date_gmt":"2008-06-26T00:00:00","guid":{"rendered":"https:\/\/comunicatur.info\/la-futura-agencia-catalana-de-turisme-es-retardara-encara-mes-2\/"},"modified":"2008-06-26T00:00:00","modified_gmt":"2008-06-26T00:00:00","slug":"la-futura-agencia-catalana-de-turisme-es-retardara-encara-mes-2","status":"publish","type":"post","link":"https:\/\/www.comunicatur.info\/es\/la-futura-agencia-catalana-de-turisme-es-retardara-encara-mes-2\/","title":{"rendered":"La Agencia Catalana de Turismo se retrasar\u00e1 todav\u00eda m\u00e1s"},"content":{"rendered":"<p>A pesar de que el Parlament de Catalunya aprob&oacute; en el mes de noviembre la creaci&oacute;n de la Agencia Catalana de Turismo (ACT), el nuevo organismo de promoci&oacute;n no entrar&aacute; en funcionamiento como m&iacute;nimo hasta oto&ntilde;o, y con una aportaci&oacute;n de capital privado del 8%.<\/p>\n<p><\/p>\n<p>La Ley aprobada por el Parlamento daba 6 meses de margen para que la ACT se pusiera en marcha pero no se cumplir&aacute;n los plazos marcados en la ley. Seg&uacute;n han informado diferentes medios de comunicaci&oacute;n, el director general de Turismo ha hecho p&uacute;blico este retraso y ha a&ntilde;adido que el presupuesto inicial de la ACT ser&aacute; de unos 26 millones de euros, un 8% de los cuales lo aportar&aacute; el sector privado.<\/p>\n<p>La ACT deber&aacute; sustituir el actual Consorcio de Turismo de Catalunya con una f&oacute;rmula promocional renovada y con la implicaci&oacute;n del sector privado tanto en el campo de las decisiones como en la financiaci&oacute;n del organismo. Si se confirma la situaci&oacute;n anunciada por el director general de Turismo la participaci&oacute;n del sector privado no ser&aacute; muy elevada a pesar de ser una de las principales novedades que deb&iacute;a aportar la ACT. Seg&uacute;n las intenciones de la Generalitat el escenario ideal ser&iacute;a el 49% de capital privado.<\/p>\n","protected":false},"excerpt":{"rendered":"<p>A pesar de que el Parlament de Catalunya aprob&oacute; en el mes de noviembre la creaci&oacute;n de la Agencia Catalana de Turismo (ACT), el nuevo organismo de promoci&oacute;n no entrar&aacute; en funcionamiento como m&iacute;nimo hasta oto&ntilde;o, y con una aportaci&oacute;n de capital privado del 8%.<\/p>\n","protected":false},"author":1,"featured_media":0,"comment_status":"close","ping_status":"open","sticky":false,"template":"","format":"standard","meta":[],"categories":[18],"tags":[],"_links":{"self":[{"href":"https:\/\/www.comunicatur.info\/es\/wp-json\/wp\/v2\/posts\/410"}],"collection":[{"href":"https:\/\/www.comunicatur.info\/es\/wp-json\/wp\/v2\/posts"}],"about":[{"href":"https:\/\/www.comunicatur.info\/es\/wp-json\/wp\/v2\/types\/post"}],"author":[{"embeddable":true,"href":"https:\/\/www.comunicatur.info\/es\/wp-json\/wp\/v2\/users\/1"}],"replies":[{"embeddable":true,"href":"https:\/\/www.comunicatur.info\/es\/wp-json\/wp\/v2\/comments?post=410"}],"version-history":[{"count":0,"href":"https:\/\/www.comunicatur.info\/es\/wp-json\/wp\/v2\/posts\/410\/revisions"}],"wp:attachment":[{"href":"https:\/\/www.comunicatur.info\/es\/wp-json\/wp\/v2\/media?parent=410"}],"wp:term":[{"taxonomy":"category","embeddable":true,"href":"https:\/\/www.comunicatur.info\/es\/wp-json\/wp\/v2\/categories?post=410"},{"taxonomy":"post_tag","embeddable":true,"href":"https:\/\/www.comunicatur.info\/es\/wp-json\/wp\/v2\/tags?post=410"}],"curies":[{"name":"wp","href":"https:\/\/api.w.org\/{rel}","templated":true}]}}