{"id":4096,"date":"2012-09-14T00:00:00","date_gmt":"2012-09-14T00:00:00","guid":{"rendered":"https:\/\/comunicatur.info\/els-vilars-rurals-destinacio-de-turisme-cientific-2\/"},"modified":"2012-09-14T00:00:00","modified_gmt":"2012-09-14T00:00:00","slug":"els-vilars-rurals-destinacio-de-turisme-cientific-2","status":"publish","type":"post","link":"https:\/\/www.comunicatur.info\/es\/els-vilars-rurals-destinacio-de-turisme-cientific-2\/","title":{"rendered":"Los Vilars Rurals, destino de turismo cient\u00edfico"},"content":{"rendered":"<p>Si hace unos d\u00edas, Comunicatur informaba sobre el programa formativo de PortAventura, ahora es el grupo Serhs quien potencia la vertiente pedag\u00f3gica que puede tener el turismo a trav\u00e9s de sus Vilars Rurals.<\/p>\n<p><\/p>\n<p>Este verano, Serhs ha desarrollado uno programa de actividades basado en talleres did\u00e1cticos y l\u00fadicos de f\u00edsica low cost y actividades astron\u00f3micas formativas pero a la vez l\u00fadicas.El objetivo es \u201cdivulgar el conocimiento cient\u00edfico empezando por los m\u00e1s peque\u00f1os y convertirse en un destino de turismo cient\u00edfico\u201d.<\/p>\n<p>Bajo el  eslogan \u201cVive la ciencia en los Vilars Rurals\u201d, durante los meses de verano se han organizado en estos establecimientos hoteleros catalanes ubicados en Cardona, Sant Hilari Sacalm y Arnes, fines de semana tem\u00e1ticos con una serie de talleres para que los ni\u00f1os conocieran diferentes fen\u00f3menos de la ciencia y encontraran respuestas a preguntas c\u00f3mo: \u00bfd\u00f3nde se encuentra la estrella polar? \u00bfpor qu\u00e9 vuelan los aviones? \u00bfc\u00f3mo se construye un submarino? \u00bfc\u00f3mo se forman las nubes?&#8230;<\/p>\n<p>El contenido educativo de las actividades ha sido avalado por la UPC y ha contado con el apoyo del departamento de Educaci\u00f3n de la Generalitat de Catalunya.<\/p>\n<p><a type=\"button_count\" name=\"fb_share\"><\/a><\/p>\n<p><script src=\"http:\/\/static.ak.fbcdn.net\/connect.php\/js\/FB.Share\" type=\"text\/javascript\"><\/script><\/p>\n<p><a class=\"twitter-share-button\" data-text=\"Info de Comunicatur\" data-lang=\"es\" data-count=\"horizontal\" href=\"http:\/\/twitter.com\/share\" target=\"_blank\" rel=\"noopener\">Tweet<\/a><\/p>\n<p><script type=\"text\/javascript\" src=\"http:\/\/platform.twitter.com\/widgets.js\"><\/script><\/p>\n","protected":false},"excerpt":{"rendered":"<p>Si hace unos d\u00edas, Comunicatur informaba sobre el programa formativo de PortAventura, ahora es el grupo Serhs quien potencia la vertiente pedag\u00f3gica que puede tener el turismo a trav\u00e9s de sus Vilars Rurals.<\/p>\n","protected":false},"author":1,"featured_media":0,"comment_status":"close","ping_status":"open","sticky":false,"template":"","format":"standard","meta":[],"categories":[26],"tags":[],"_links":{"self":[{"href":"https:\/\/www.comunicatur.info\/es\/wp-json\/wp\/v2\/posts\/4096"}],"collection":[{"href":"https:\/\/www.comunicatur.info\/es\/wp-json\/wp\/v2\/posts"}],"about":[{"href":"https:\/\/www.comunicatur.info\/es\/wp-json\/wp\/v2\/types\/post"}],"author":[{"embeddable":true,"href":"https:\/\/www.comunicatur.info\/es\/wp-json\/wp\/v2\/users\/1"}],"replies":[{"embeddable":true,"href":"https:\/\/www.comunicatur.info\/es\/wp-json\/wp\/v2\/comments?post=4096"}],"version-history":[{"count":0,"href":"https:\/\/www.comunicatur.info\/es\/wp-json\/wp\/v2\/posts\/4096\/revisions"}],"wp:attachment":[{"href":"https:\/\/www.comunicatur.info\/es\/wp-json\/wp\/v2\/media?parent=4096"}],"wp:term":[{"taxonomy":"category","embeddable":true,"href":"https:\/\/www.comunicatur.info\/es\/wp-json\/wp\/v2\/categories?post=4096"},{"taxonomy":"post_tag","embeddable":true,"href":"https:\/\/www.comunicatur.info\/es\/wp-json\/wp\/v2\/tags?post=4096"}],"curies":[{"name":"wp","href":"https:\/\/api.w.org\/{rel}","templated":true}]}}