{"id":4083,"date":"2012-09-03T00:00:00","date_gmt":"2012-09-03T00:00:00","guid":{"rendered":"https:\/\/comunicatur.info\/catalunya-lider-en-larribada-de-turisme-estranger-2\/"},"modified":"2012-09-03T00:00:00","modified_gmt":"2012-09-03T00:00:00","slug":"catalunya-lider-en-larribada-de-turisme-estranger-2","status":"publish","type":"post","link":"https:\/\/www.comunicatur.info\/es\/catalunya-lider-en-larribada-de-turisme-estranger-2\/","title":{"rendered":"Catalunya, lider en turismo extranjero"},"content":{"rendered":"<p>En Espa\u00f1a, Catalu\u00f1a lidera la recepci\u00f3n en turismo extranjero durante los siete primeros meses del a\u00f1o, seg\u00fan los \u00faltimos datos oficiales. Si hablamos de gasto, hasta este mes de julio en Catalu\u00f1a ha crecidoa un 13,7%.<\/p>\n<p><\/p>\n<p>Seg\u00fan este balance, Catalu\u00f1a con un aumento del 11,5%, ha captado el mayor porcentaje de visitantes extranjeros,8,4 milllones de turistas recibidos.Rusia,con un 42,7% m\u00e1s que en el mismo per\u00edodo que el a\u00f1o anterior; Reino Unido, con cerca de un 30%; y Alemania, con casi un 20% son los mercados emisores que est\u00e1n experimentando los mejores resultados.<\/p>\n<p>.<\/p>\n<p>Catalu\u00f1a tambi\u00e9n se sit\u00faa como principal destino en julio, con un aumento del 9% en la llegada de turistas, superando los dos millones de visitantes,gracias a la contribuci\u00f3 de brit\u00e1nicos, franceses y alemanes.<\/p>\n<p>Tambi\u00e9n el gasto del turismo extranjero contin\u00faa su crecimiento, seg\u00fan las estad\u00edsticas oficiales. Durante los primeros siete meses del a\u00f1o, los extranjeros han gastado en Catalu\u00f1a m\u00e1s de 7.000 millones de euros, con un crecimiento acumulado del 13,7%. Rusia y mercados lejanos como Canad\u00e1, Jap\u00f3n y Estados Unidos son los que m\u00e1s han contribuido a este crecimiento.<\/p>\n<p><b>Pernoctaciones<\/b><\/p>\n<p>Si hablamos de las pernoctaciones hoteleras de los turistas extranjeros en julio, en Catalu\u00f1a han aumentado el 5,9% respecto a 2011. Un aumento que no ha compensado, sin embargo,la caida de los turista catalanes y del resto de Espa\u00f1a, con una disminuci\u00f3n del 10,8% y del 18,9% respectivamente.<\/p>\n<p><p>Los puntos tur\u00edsticos espa\u00f1oles con un mayor n\u00famero de pernoctaciones han sido Barcelona, Calvi\u00e0 y Madrid.<\/p>\n<p><a type=\"button_count\" name=\"fb_share\"><\/a><\/p>\n<p><script src=\"http:\/\/static.ak.fbcdn.net\/connect.php\/js\/FB.Share\" type=\"text\/javascript\"><\/script><\/p>\n<p><a class=\"twitter-share-button\" data-text=\"Info de Comunicatur\" data-lang=\"es\" data-count=\"horizontal\" href=\"http:\/\/twitter.com\/share\" target=\"_blank\" rel=\"noopener\">Tweet<\/a><\/p>\n<p><script type=\"text\/javascript\" src=\"http:\/\/platform.twitter.com\/widgets.js\"><\/script><\/p>\n","protected":false},"excerpt":{"rendered":"<p>En Espa\u00f1a, Catalu\u00f1a lidera la recepci\u00f3n en turismo extranjero durante los siete primeros meses del a\u00f1o, seg\u00fan los \u00faltimos datos oficiales. Si hablamos de gasto, hasta este mes de julio en Catalu\u00f1a ha crecidoa un 13,7%.<\/p>\n","protected":false},"author":1,"featured_media":0,"comment_status":"close","ping_status":"open","sticky":false,"template":"","format":"standard","meta":[],"categories":[19],"tags":[],"_links":{"self":[{"href":"https:\/\/www.comunicatur.info\/es\/wp-json\/wp\/v2\/posts\/4083"}],"collection":[{"href":"https:\/\/www.comunicatur.info\/es\/wp-json\/wp\/v2\/posts"}],"about":[{"href":"https:\/\/www.comunicatur.info\/es\/wp-json\/wp\/v2\/types\/post"}],"author":[{"embeddable":true,"href":"https:\/\/www.comunicatur.info\/es\/wp-json\/wp\/v2\/users\/1"}],"replies":[{"embeddable":true,"href":"https:\/\/www.comunicatur.info\/es\/wp-json\/wp\/v2\/comments?post=4083"}],"version-history":[{"count":0,"href":"https:\/\/www.comunicatur.info\/es\/wp-json\/wp\/v2\/posts\/4083\/revisions"}],"wp:attachment":[{"href":"https:\/\/www.comunicatur.info\/es\/wp-json\/wp\/v2\/media?parent=4083"}],"wp:term":[{"taxonomy":"category","embeddable":true,"href":"https:\/\/www.comunicatur.info\/es\/wp-json\/wp\/v2\/categories?post=4083"},{"taxonomy":"post_tag","embeddable":true,"href":"https:\/\/www.comunicatur.info\/es\/wp-json\/wp\/v2\/tags?post=4083"}],"curies":[{"name":"wp","href":"https:\/\/api.w.org\/{rel}","templated":true}]}}